{"id":15264,"date":"2022-03-07T16:02:42","date_gmt":"2022-03-07T16:02:42","guid":{"rendered":"https:\/\/infotorrent.es\/uncategorized\/torrent-en-movimiento-por-la-igualdad-con-la-marcha-reivindicativa-del-8-m\/"},"modified":"2022-03-07T16:00:53","modified_gmt":"2022-03-07T16:00:53","slug":"torrent-en-movimiento-por-la-igualdad-con-la-marcha-reivindicativa-del-8-m","status":"publish","type":"post","link":"https:\/\/infotorrent.es\/ca\/noticies\/torrent-en-movimiento-por-la-igualdad-con-la-marcha-reivindicativa-del-8-m\/","title":{"rendered":"Torrent, en moviment per la igualtat, amb la marxa reivindicativa del 8-M"},"content":{"rendered":"<p><span style=\"color: #000080;\"><strong>La tradicional marxa pac\u00edfica en reivindicaci\u00f3 de la igualtat de les dones eixir\u00e0 dem\u00e0, Dia Internacional de les Dones, a les\u00a019h\u00a0des de la pla\u00e7a de la Uni\u00f3 Musical per a acabar en la pla\u00e7a del Bisbe Benlloch, al costat de l&#8217;edifici consistorial<\/p>\n<p>La marxa ser\u00e0 el coronament de la programaci\u00f3 elaborada per a enguany, emmarcada amb el lema \u2018Dones en\u00a0moviment.\u00a0Avan\u00e7a\u00a0la\u00a0societat\u2019, que fa valdre la participaci\u00f3 i el treball de les dones en tots els \u00e0mbits de l&#8217;associacionisme<\/strong><\/span><\/p>\n<p><strong><br \/>\n<\/strong>\u00a0Amb motiu del Dia Internacional de les Dones, la ciutat de Torrent celebrar\u00e0 dem\u00e0, dia 8 de mar\u00e7, la tradicional marxa pac\u00edfica en reivindicaci\u00f3 de la igualtat de les dones, que eixir\u00e0 de la pla\u00e7a de la Uni\u00f3 Musical a les 19h per a acabar en la pla\u00e7a del Bisbe Benlloch, al costat de l&#8217;edifici consistorial. L&#8217;activitat estar\u00e0 acompanyada per la colla de dol\u00e7aina i percussi\u00f3 Les Figues i la comissi\u00f3 feminista de la Muixeranga la Torrentina, com a mostra de la participaci\u00f3 de les dones en la cultura valenciana.<\/p>\n<p><strong>\u201cCom cada any, volem tancar la XXXVI\u00a0Setmana\u00a0de la Dona animant els\u00a0torrentins\u00a0i\u00a0torrentines\u00a0a participar en aquesta marxa que pret\u00e9n reivindicar la figura de la dona, la igualtat i els seus drets\u201d<\/strong>, ha destacat la regidora d&#8217;Igualtat, Marina Olivares, qui tamb\u00e9 ha afegit que <strong>\u201cl&#8217;Ajuntament de Torrent i la Casa de la Dona volem agrair als habitants de la ciutat la seua participaci\u00f3 en les activitats proposades, ja que han fet d&#8217;aquesta setmana tot un \u00e8xit\u201d<\/strong>.<\/p>\n<p>D&#8217;aquesta manera, la marxa ser\u00e0 el coronament de la XXXVI\u00a0Setmana\u00a0de les Dones de Torrent, que aquest cap de setmana va continuar amb la seua programaci\u00f3 amb la celebraci\u00f3, divendres, a la Casa de la Cultura, del concert <em>Es sonata en femenino<\/em> de\u00a0Heilen\u00a0Duo, el grup compost per la violoncel\u00b7lista Mayte Garcia Atienza i la pianista Maria Abad, que va retre homenatge a l\u2019Any de la M\u00fasica a Torrent amb la narraci\u00f3 de la hist\u00f2ria de la m\u00fasica escrita per dones, i on van destacar l&#8217;obra de compositores del segle XIX i XX com\u00a0Ethel\u00a0Smyth,\u00a0Rebecca\u00a0Clarke\u00a0i\u00a0Nadia\u00a0Boulanger.<\/p>\n<p>El mateix divendres, els menors de Torrent van poder gaudir d&#8217;una contacontes molt peculiar en la nova biblioteca del\u00a0Parc\u00a0Central, ja que Celia Silva es va atrevir amb <em>La peluca de Lucas<\/em>, un conte sobre els estereotips masculins, i <em>Las princesas que cambian cuentos<\/em>, que versa sobre els estereotips femenins. Els participants van ser obsequiats amb el conte sobre la corresponsabilitat familiar i dom\u00e8stica, <em>Un pap\u00e1 con delantal<\/em>, que busca la conscienciaci\u00f3 sobre el repartiment de les faenes de casa i de les atencions entre dones i homes. Dissabte la Casa de la Cultura va acollir l&#8217;acte de reconeixement \u2018Grans\u00a0Dones de Torrent\u2019, a c\u00e0rrec del col\u00b7lectiu\u00a0Comissi\u00f3\u00a08 de\u00a0Mar\u00e7. En contrapartida, a causa de les condicions climatol\u00f2giques es va posposar la celebraci\u00f3 de la jornada de\u00a0p\u00e0del\u00a0organitzada en l\u2019AQA\u00a0Parc\u00a0Central, a l&#8217;espera de concretar una nova data.<\/p>\n<p>El programa d&#8217;activitats segueix hui, a manera de pr\u00e8via del Dia Internacional de les Dones, amb la xarrada de l&#8217;activista i experta en comunicaci\u00f3 i g\u00e8nere, Yolanda\u00a0Dominguez, que parlar\u00e0 de la import\u00e0ncia de les imatges en la creaci\u00f3 de la identitat de les dones, aix\u00ed com la influ\u00e8ncia de la moda, els anuncis publicitaris i un llarg etc. L&#8217;obra de l&#8217;activista convida a la reflexi\u00f3 cont\u00ednua amb treballs com a <em>Poses<\/em>, una acci\u00f3 en la qual les dones imiten al carrer les poses absurdes de l&#8217;\u00fas de la moda que mostra la reacci\u00f3 de la ciutadania; <em>Access\u00f2ries i Accessibles<\/em>, campanya en protesta per l&#8217;anunci sexista d&#8217;una famosa marca d&#8217;ulleres que va ser retirat; o <em>Xiquets i Xiquetes versus Moda<\/em>, en la qual les xiquetes i xiquets comenten les campanyes de moda per a revelar la viol\u00e8ncia impl\u00edcita que existeix cap a la figura femenina.<\/p>\n<p><a href=\"https:\/\/www.infotorrent.es\/wp-content\/uploads\/2022\/03\/image-3.png\"><img fetchpriority=\"high\" decoding=\"async\" class=\"aligncenter wp-image-49373\" src=\"https:\/\/www.infotorrent.es\/wp-content\/uploads\/2022\/03\/image-3.png\" alt=\"\" width=\"425\" height=\"600\" \/><\/a><a href=\"https:\/\/www.infotorrent.es\/wp-content\/uploads\/2022\/03\/concierto_-2.jpg\"><img decoding=\"async\" class=\"aligncenter wp-image-49369\" src=\"https:\/\/www.infotorrent.es\/wp-content\/uploads\/2022\/03\/concierto_-2.jpg\" alt=\"\" width=\"600\" height=\"353\" \/><\/a><a href=\"https:\/\/www.infotorrent.es\/wp-content\/uploads\/2022\/03\/concierto_-1-scaled.jpg\"><img decoding=\"async\" class=\"aligncenter wp-image-49367\" src=\"https:\/\/www.infotorrent.es\/wp-content\/uploads\/2022\/03\/concierto_-1-scaled.jpg\" alt=\"\" width=\"600\" height=\"338\" \/><\/a><\/p>\n","protected":false},"excerpt":{"rendered":"<p>La tradicional marxa pac\u00edfica en reivindicaci\u00f3 de la igualtat de les dones eixir\u00e0 dem\u00e0, Dia Internacional de les Dones, a les\u00a019h\u00a0des de la pla\u00e7a de la Uni\u00f3 Musical per a acabar en la pla\u00e7a del Bisbe Benlloch, al costat de l&#8217;edifici consistorial La marxa ser\u00e0 el coronament de la programaci\u00f3 elaborada per a enguany, emmarcada [&hellip;]<\/p>\n","protected":false},"author":5,"featured_media":15266,"comment_status":"closed","ping_status":"open","sticky":false,"template":"","format":"standard","meta":{"_acf_changed":false,"footnotes":""},"categories":[152,116],"tags":[],"class_list":["post-15264","post","type-post","status-publish","format-standard","has-post-thumbnail","hentry","category-igualtat","category-noticies"],"acf":[],"_links":{"self":[{"href":"https:\/\/infotorrent.es\/ca\/wp-json\/wp\/v2\/posts\/15264","targetHints":{"allow":["GET"]}}],"collection":[{"href":"https:\/\/infotorrent.es\/ca\/wp-json\/wp\/v2\/posts"}],"about":[{"href":"https:\/\/infotorrent.es\/ca\/wp-json\/wp\/v2\/types\/post"}],"author":[{"embeddable":true,"href":"https:\/\/infotorrent.es\/ca\/wp-json\/wp\/v2\/users\/5"}],"replies":[{"embeddable":true,"href":"https:\/\/infotorrent.es\/ca\/wp-json\/wp\/v2\/comments?post=15264"}],"version-history":[{"count":0,"href":"https:\/\/infotorrent.es\/ca\/wp-json\/wp\/v2\/posts\/15264\/revisions"}],"wp:featuredmedia":[{"embeddable":true,"href":"https:\/\/infotorrent.es\/ca\/wp-json\/wp\/v2\/media\/15266"}],"wp:attachment":[{"href":"https:\/\/infotorrent.es\/ca\/wp-json\/wp\/v2\/media?parent=15264"}],"wp:term":[{"taxonomy":"category","embeddable":true,"href":"https:\/\/infotorrent.es\/ca\/wp-json\/wp\/v2\/categories?post=15264"},{"taxonomy":"post_tag","embeddable":true,"href":"https:\/\/infotorrent.es\/ca\/wp-json\/wp\/v2\/tags?post=15264"}],"curies":[{"name":"wp","href":"https:\/\/api.w.org\/{rel}","templated":true}]}}