{"id":15261,"date":"2022-03-04T18:44:12","date_gmt":"2022-03-04T18:44:12","guid":{"rendered":"https:\/\/infotorrent.es\/uncategorized\/la-xxxvi-setmana-dels-dones-arriba-al-seu-equador\/"},"modified":"2022-03-04T18:57:02","modified_gmt":"2022-03-04T18:57:02","slug":"la-xxxvi-setmana-dels-dones-arriba-al-seu-equador","status":"publish","type":"post","link":"https:\/\/infotorrent.es\/ca\/noticies\/la-xxxvi-setmana-dels-dones-arriba-al-seu-equador\/","title":{"rendered":"La \u2018XXXVI Setmana dels Dones\u2019 arriba al seu equador"},"content":{"rendered":"<p><span style=\"color: #000080;\"><strong>La programaci\u00f3 elaborada per a enguany s&#8217;emmarca sota el lema \u2018Dones en moviment. Avan\u00e7a la societat\u2019, que posa en valor la participaci\u00f3 i treball de les dones en tots els \u00e0mbits de l&#8217;associacionisme<\/strong><\/span><\/p>\n<p>La \u2018XXXVI Setmana dels Dons\u2019 de Torrent arriba hui al seu equador amb la celebraci\u00f3, a les 19h a la Casa de la Cultura, del concert <em>Es Sonata en Femenino<\/em> de Heilen Duo, una agrupaci\u00f3 composta per Mayte Garcia Atienza, violoncel\u00b7lista que va guanyar el premi nacional de m\u00fasica l&#8217;any 2005, i Maria Abad, pianista que tamb\u00e9 exerceix de professora en un conservatori de m\u00fasica. Aquesta actuaci\u00f3, que retr\u00e0 homenatge al \u2018Any de la M\u00fasica\u2019 de Torrent, narra la hist\u00f2ria de la m\u00fasica escrita per dones, ressaltant l&#8217;obra de compositores del segle XIX i XX com Ethel Smyth, Rebecca Clarke i Nadia Boulanger.<\/p>\n<p>Igualment, aquest mateix divendres a la vesprada els menors de Torrent podran gaudir d&#8217;un contacontes molt peculiar en la nova biblioteca del Parc Central, situada en el n\u00famero 3 de la pla\u00e7a de la Conc\u00f2rdia. Celia Silva s&#8217;atrevir\u00e0 amb <em>La peluca de Lucas<\/em>, un conte sobre els estereotips masculins, i <em>Las princesas que cambian cuentos<\/em>, que versa sobre els estereotips femenins. Les persones que participen seran obsequiades amb el conte sobre la corresponsabilitat familiar i dom\u00e8stica, <em>Un papa con delantal<\/em>, que busca la conscienciaci\u00f3 sobre el repartiment de les faenes de casa i de cures entre dones i homes.<\/p>\n<p><strong>\u201cLa programaci\u00f3 elaborada per a enguany tracta d&#8217;enaltir el paper actiu de les dones en el funcionament de la societat, posant en valor la participaci\u00f3 i el treball de les dones en tots els \u00e0mbits de l&#8217;associacionisme, amb una programaci\u00f3 diversa i gratu\u00efta dirigida a tots els p\u00fablics\u201d<\/strong>, ha destacat la regidora d&#8217;Igualtat, Marina Olivares.<\/p>\n<p>El programa d&#8217;actes es va iniciar dimarts passat, dia 1 de mar\u00e7, amb el lliurament del Premi Dona Atenea 2022 al col\u00b7lectiu de mares de l&#8217;Associaci\u00f3 de Persones amb Discapacitat de Torrent (Adisto), en reconeixement a la incommensurable labor que realitza aquesta pionera associaci\u00f3 des de l&#8217;any 2000, sent tot un referent del teixit associatiu de la ciutat. L&#8217;esdeveniment va ser presentat per la periodista torrentina Cristina Bea i va estar amenitzat pel quartet de saxofonistes Elle Sax. Aix\u00ed mateix, l&#8217;associaci\u00f3 Artic va col\u00b7laborar amb la confecci\u00f3 i lliurament de polseres habitades, la facturaci\u00f3 de les quals, a c\u00e0rrec de l&#8217;Ajuntament de Torrent, ser\u00e0 utilitzada per a abonar l&#8217;estada de diverses dones en el congr\u00e9s nacional de drogodepend\u00e8ncies.<\/p>\n<p>La programaci\u00f3 va prosseguir el dimecres 2 de mar\u00e7 amb la presentaci\u00f3, a les 18:30h a casa de la Dona, de l&#8217;exposici\u00f3 <em>Dibuixant drets<\/em>, una mostra a c\u00e0rrec del grup de dibuix de l&#8217;escola de persones adultes de Torrent dirigit per Roberto Mart\u00ednez Albi\u00f1ana, que tracta sobre moments claus de la hist\u00f2ria per al moviment feminista a nivell internacional i les raons que fan que el feminisme tinga encara molt per fer.<\/p>\n<p>Per part seua, el dijous 3 de mar\u00e7 es va dedicar a la salut i a l&#8217;emprenedoria de les dones. Aix\u00ed, els i les professionals del centre de salut p\u00fablica de Torrent van fer una xarrada sobre el c\u00e0ncer de mama dirigida a dones migrants, amb l&#8217;objectiu d&#8217;eliminar tab\u00fas sobre l&#8217;exploraci\u00f3 mam\u00e0ria i la por a les mamografies, tan importants en la detecci\u00f3 preco\u00e7 del c\u00e0ncer de mama. Tamb\u00e9 es van reprendre les trobades de dones emprenedores i empres\u00e0ries de Torrent, amb la intenci\u00f3 d&#8217;impulsar el lideratge de les dones en un sector que continua\u00a0masculinizado.<\/p>\n<p>A m\u00e9s, al llarg d&#8217;aquesta setmana els col\u00b7legis de Torrent han participat en el taller <em>Esta no es la t\u00edpica historia<\/em>, dirigit a xiquets i xiquetes de 1r i 2n de prim\u00e0ria que, a trav\u00e9s de l&#8217;animaci\u00f3 de marionetes, coneixeran el valor afegit de dones com Gloria Fuertes, Marie Curie, Hipatia, o Mary Shelley. L&#8217;objectiu d&#8217;aquesta iniciativa \u00e9s crear referents femenins des de la inf\u00e0ncia tant per a xiquets com per a xiquetes, ja que moltes vegades aquestes dones s\u00f3n oblidades en els llibres de text.<\/p>\n<p><strong>Pr\u00f2xims actes de la \u2018XXXVI Setmana dels Dones\u2019<\/strong><\/p>\n<p>Com cada any, l&#8217;acte de reconeixement \u2018Grans Dones de Torrent\u2019, organitzat pel col\u00b7lectiu Comissi\u00f3 8 de mar\u00e7, donar\u00e0 inici a les activitats programades per al cap de setmana, a les 18:30h del dissabte 5 de mar\u00e7 a la Casa de la Cultura. L&#8217;endem\u00e0, diumenge 6 de mar\u00e7, les dones esportistes seran les protagonistes amb una jornada de padel organitzada en el AQA Parc Central, des de les 9:30h a les 14h, en la qual s&#8217;impartiran classes d&#8217;iniciaci\u00f3 i tecnificaci\u00f3 i es realitzar\u00e0 un torneig (Informaci\u00f3 i Inscripcions en el 655 073 090 o el 603 892 511).<\/p>\n<p>El dilluns 7 de mar\u00e7, l&#8217;activista i experta en comunicaci\u00f3 i g\u00e8nere, Yolanda Dominguez, parlar\u00e0 de la import\u00e0ncia de les imatges en la creaci\u00f3 de la identitat de les dones, aix\u00ed com la influ\u00e8ncia de la moda, els anuncis publicitaris i un llarg etc. L&#8217;obra de l&#8217;activista convida a la reflexi\u00f3 cont\u00ednua amb treballs com a <em>Poses<\/em>, una acci\u00f3 en la qual les dones imiten al carrer les poses absurdes de l&#8217;\u00fas de la moda que mostra la reacci\u00f3 de la ciutadania; <em>Accesorias y Accesibles<\/em>, campanya en protesta per l&#8217;anunci sexista d&#8217;una famosa marca d&#8217;ulleres que va ser retirat; o <em>Ni\u00f1os y Ni\u00f1as versus Moda<\/em>, en la qual les xiquetes i xiquets comenten les campanyes de moda, revelant la viol\u00e8ncia impl\u00edcita que existeix cap a la figura femenina.<\/p>\n<p>Finalment, el dimarts 8 de mar\u00e7 es realitzar\u00e0 la tradicional marxa pac\u00edfica en reivindicaci\u00f3 de la igualtat de les dones, que eixir\u00e0 de la pla\u00e7a de la Uni\u00f3 Musical a les\u00a019h\u00a0per a acabar en la pla\u00e7a\u00a0Obispe\u00a0Benlloch, al costat de l&#8217;edifici consistorial. L&#8217;activitat ser\u00e0 amenitzada per la\u00a0colla\u00a0de\u00a0dol\u00e7aina\u00a0i percussi\u00f3 Els\u00a0Figues, i la comissi\u00f3 feminista de la\u00a0Muixeranga\u00a0la\u00a0Torrentina.<\/p>\n<p><strong>Altres activitats<\/strong><br \/>\nPer a complementar la programaci\u00f3 de la \u2018Setmana dels Dones\u2019 de Torrent, la Federaci\u00f3 de Futbol de la Comunitat Valenciana celebrar\u00e0 , el divendres 11 de mar\u00e7 en el poliesportiu Anabel Medina, un clinic de futbol sala per a xiquetes d&#8217;entre 6 i 14 anys, que s&#8217;acompanyar\u00e0 d&#8217;un triangular entre el C.E.F. Hispanic de Torrent, l&#8217;Alzira F.S i el Joventut d&#8217;Elx.<\/p>\n<p><a href=\"https:\/\/www.infotorrent.es\/wp-content\/uploads\/2022\/03\/Dona_Atenea-10-scaled.jpg\"><img fetchpriority=\"high\" decoding=\"async\" class=\"aligncenter wp-image-49351\" src=\"https:\/\/www.infotorrent.es\/wp-content\/uploads\/2022\/03\/Dona_Atenea-10-scaled.jpg\" alt=\"\" width=\"600\" height=\"341\" \/><\/a><a href=\"https:\/\/www.infotorrent.es\/wp-content\/uploads\/2022\/03\/Dona_Atenea-2-scaled.jpg\"><img decoding=\"async\" class=\"aligncenter wp-image-49361\" src=\"https:\/\/www.infotorrent.es\/wp-content\/uploads\/2022\/03\/Dona_Atenea-2-scaled.jpg\" alt=\"\" width=\"600\" height=\"400\" \/><\/a><a href=\"https:\/\/www.infotorrent.es\/wp-content\/uploads\/2022\/03\/Trobada-1-scaled.jpg\"><img decoding=\"async\" class=\"aligncenter wp-image-49357\" src=\"https:\/\/www.infotorrent.es\/wp-content\/uploads\/2022\/03\/Trobada-1-scaled.jpg\" alt=\"\" width=\"600\" height=\"400\" \/><\/a><a href=\"https:\/\/www.infotorrent.es\/wp-content\/uploads\/2022\/03\/Trobada-2-scaled.jpg\"><img loading=\"lazy\" decoding=\"async\" class=\"aligncenter wp-image-49359\" src=\"https:\/\/www.infotorrent.es\/wp-content\/uploads\/2022\/03\/Trobada-2-scaled.jpg\" alt=\"\" width=\"600\" height=\"400\" \/><\/a><a href=\"https:\/\/www.infotorrent.es\/wp-content\/uploads\/2022\/03\/Exposicion-1-scaled.jpg\"><img loading=\"lazy\" decoding=\"async\" class=\"aligncenter wp-image-49355\" src=\"https:\/\/www.infotorrent.es\/wp-content\/uploads\/2022\/03\/Exposicion-1-scaled.jpg\" alt=\"\" width=\"600\" height=\"400\" \/><\/a><a href=\"https:\/\/www.infotorrent.es\/wp-content\/uploads\/2022\/03\/WhatsApp-Image-2022-03-04-at-16.17.21.jpeg\"><img loading=\"lazy\" decoding=\"async\" class=\"aligncenter wp-image-49349\" src=\"https:\/\/www.infotorrent.es\/wp-content\/uploads\/2022\/03\/WhatsApp-Image-2022-03-04-at-16.17.21.jpeg\" alt=\"\" width=\"600\" height=\"450\" \/><\/a><\/p>\n","protected":false},"excerpt":{"rendered":"<p>La programaci\u00f3 elaborada per a enguany s&#8217;emmarca sota el lema \u2018Dones en moviment. Avan\u00e7a la societat\u2019, que posa en valor la participaci\u00f3 i treball de les dones en tots els \u00e0mbits de l&#8217;associacionisme La \u2018XXXVI Setmana dels Dons\u2019 de Torrent arriba hui al seu equador amb la celebraci\u00f3, a les 19h a la Casa de [&hellip;]<\/p>\n","protected":false},"author":5,"featured_media":15263,"comment_status":"closed","ping_status":"open","sticky":false,"template":"","format":"standard","meta":{"_acf_changed":false,"footnotes":""},"categories":[152,116],"tags":[],"class_list":["post-15261","post","type-post","status-publish","format-standard","has-post-thumbnail","hentry","category-igualtat","category-noticies"],"acf":[],"_links":{"self":[{"href":"https:\/\/infotorrent.es\/ca\/wp-json\/wp\/v2\/posts\/15261","targetHints":{"allow":["GET"]}}],"collection":[{"href":"https:\/\/infotorrent.es\/ca\/wp-json\/wp\/v2\/posts"}],"about":[{"href":"https:\/\/infotorrent.es\/ca\/wp-json\/wp\/v2\/types\/post"}],"author":[{"embeddable":true,"href":"https:\/\/infotorrent.es\/ca\/wp-json\/wp\/v2\/users\/5"}],"replies":[{"embeddable":true,"href":"https:\/\/infotorrent.es\/ca\/wp-json\/wp\/v2\/comments?post=15261"}],"version-history":[{"count":0,"href":"https:\/\/infotorrent.es\/ca\/wp-json\/wp\/v2\/posts\/15261\/revisions"}],"wp:featuredmedia":[{"embeddable":true,"href":"https:\/\/infotorrent.es\/ca\/wp-json\/wp\/v2\/media\/15263"}],"wp:attachment":[{"href":"https:\/\/infotorrent.es\/ca\/wp-json\/wp\/v2\/media?parent=15261"}],"wp:term":[{"taxonomy":"category","embeddable":true,"href":"https:\/\/infotorrent.es\/ca\/wp-json\/wp\/v2\/categories?post=15261"},{"taxonomy":"post_tag","embeddable":true,"href":"https:\/\/infotorrent.es\/ca\/wp-json\/wp\/v2\/tags?post=15261"}],"curies":[{"name":"wp","href":"https:\/\/api.w.org\/{rel}","templated":true}]}}