{"id":15231,"date":"2022-02-25T10:17:30","date_gmt":"2022-02-25T10:17:30","guid":{"rendered":"https:\/\/infotorrent.es\/uncategorized\/torrent-participa-en-la-presentacio-de-la-runcancer-2022\/"},"modified":"2022-02-25T10:08:59","modified_gmt":"2022-02-25T10:08:59","slug":"torrent-participa-en-la-presentacio-de-la-runcancer-2022","status":"publish","type":"post","link":"https:\/\/infotorrent.es\/ca\/noticies\/torrent-participa-en-la-presentacio-de-la-runcancer-2022\/","title":{"rendered":"Torrent participa en la presentaci\u00f3 de la RunC\u00e0ncer 2022"},"content":{"rendered":"<p><span style=\"color: #000080;\"><strong>La capital de l&#8217;Horta\u00a0Sud tornar\u00e0 a acollir, el pr\u00f2xim 24 de setembre, una de les jornades del circuit solidari m\u00e9s gran d&#8217;Europa<\/strong><\/span><\/p>\n<p>L&#8217;Associaci\u00f3 Espanyola Contra el C\u00e0ncer Val\u00e8ncia (AECCV) ha presentat aquest mat\u00ed la RunC\u00e1ncer 2022, el circuit de carreres i marxes solid\u00e0ries m\u00e9s gran d&#8217;Europa, en qu\u00e8 Torrent tornar\u00e0 a tindre un paper protagonista. En l&#8217;acte, celebrat en la pla\u00e7a del General Basset d&#8217;Alboraia, han participat la presidenta de l&#8217;Associaci\u00f3 Contra el C\u00e0ncer de Torrent, Amparo Almerich, la regidora d&#8217;Esports, Susi Ferrer, el diputat d&#8217;Esports de la Diputaci\u00f3 de Val\u00e8ncia, Andr\u00e9s Campos, i el gerent de la Fundaci\u00f3 Esportiva Municipal, Paco Sanch\u00eds.<\/p>\n<p><strong>\u201cAquesta carrera s&#8217;ha convertit en una data assenyalada en el calendari de la ciutat de Torrent, ja que els\u00a0torrentins i\u00a0torrentines poden demostrar la seua solidaritat i el seu fort comprom\u00eds amb la lluita contra el c\u00e0ncer\u201d<\/strong>, ha assenyalat la regidora d&#8217;Esports,\u00a0Susi Ferrer. Per part seua, el diputat d&#8217;Esports de la Diputaci\u00f3 de Val\u00e8ncia, Andr\u00e9s Campos, ha destacat que <strong>\u201caquest circuit \u00e9s la millor acci\u00f3 de vertebraci\u00f3 territorial possible\u201d<\/strong>, i hi ha afegit que <strong>\u201cno solament \u00e9s un circuit solidari, \u00e9s fer valdre la vida saludable, l&#8217;esport i la sostenibilitat, \u00e9s entendre la import\u00e0ncia de la ci\u00e8ncia i de la investigaci\u00f3 contra el c\u00e0ncer\u201d<\/strong>.<\/p>\n<p>Aix\u00ed, un any m\u00e9s, la capital de l&#8217;Horta\u00a0Sud acollir\u00e0 una de les jornades d&#8217;aquest circuit, amb una carrera que tindr\u00e0 lloc el pr\u00f2xim 24 de setembre i en la qual s&#8217;espera que es repetisca l&#8217;\u00e8xit de participaci\u00f3 d&#8217;edicions anteriors i es recapte la m\u00e0xima quantitat de diners possibles per a destinar a la investigaci\u00f3 contra aquesta malaltia. En aquest aspecte, cal destacar que la\u00a0RunC\u00e0ncer 2022 tindr\u00e0 30 proves, 9 de les quals seran a la comarca de l&#8217;Horta\u00a0Sud.<\/p>\n<p><a href=\"https:\/\/www.infotorrent.es\/wp-content\/uploads\/2022\/02\/WhatsApp-Image-2022-02-24-at-12.22.31-1.jpeg\"><img fetchpriority=\"high\" decoding=\"async\" class=\"aligncenter wp-image-49228\" src=\"https:\/\/www.infotorrent.es\/wp-content\/uploads\/2022\/02\/WhatsApp-Image-2022-02-24-at-12.22.31-1.jpeg\" alt=\"\" width=\"600\" height=\"450\" \/><\/a><a href=\"https:\/\/www.infotorrent.es\/wp-content\/uploads\/2022\/02\/WhatsApp-Image-2022-02-24-at-12.22.31.jpeg\"><img decoding=\"async\" class=\"aligncenter wp-image-49230\" src=\"https:\/\/www.infotorrent.es\/wp-content\/uploads\/2022\/02\/WhatsApp-Image-2022-02-24-at-12.22.31.jpeg\" alt=\"\" width=\"600\" height=\"270\" \/><\/a><\/p>\n","protected":false},"excerpt":{"rendered":"<p>La capital de l&#8217;Horta\u00a0Sud tornar\u00e0 a acollir, el pr\u00f2xim 24 de setembre, una de les jornades del circuit solidari m\u00e9s gran d&#8217;Europa L&#8217;Associaci\u00f3 Espanyola Contra el C\u00e0ncer Val\u00e8ncia (AECCV) ha presentat aquest mat\u00ed la RunC\u00e1ncer 2022, el circuit de carreres i marxes solid\u00e0ries m\u00e9s gran d&#8217;Europa, en qu\u00e8 Torrent tornar\u00e0 a tindre un paper protagonista. [&hellip;]<\/p>\n","protected":false},"author":5,"featured_media":15233,"comment_status":"closed","ping_status":"open","sticky":false,"template":"","format":"standard","meta":{"_acf_changed":false,"footnotes":""},"categories":[123,116],"tags":[],"class_list":["post-15231","post","type-post","status-publish","format-standard","has-post-thumbnail","hentry","category-joventut-i-esports","category-noticies"],"acf":[],"_links":{"self":[{"href":"https:\/\/infotorrent.es\/ca\/wp-json\/wp\/v2\/posts\/15231","targetHints":{"allow":["GET"]}}],"collection":[{"href":"https:\/\/infotorrent.es\/ca\/wp-json\/wp\/v2\/posts"}],"about":[{"href":"https:\/\/infotorrent.es\/ca\/wp-json\/wp\/v2\/types\/post"}],"author":[{"embeddable":true,"href":"https:\/\/infotorrent.es\/ca\/wp-json\/wp\/v2\/users\/5"}],"replies":[{"embeddable":true,"href":"https:\/\/infotorrent.es\/ca\/wp-json\/wp\/v2\/comments?post=15231"}],"version-history":[{"count":0,"href":"https:\/\/infotorrent.es\/ca\/wp-json\/wp\/v2\/posts\/15231\/revisions"}],"wp:featuredmedia":[{"embeddable":true,"href":"https:\/\/infotorrent.es\/ca\/wp-json\/wp\/v2\/media\/15233"}],"wp:attachment":[{"href":"https:\/\/infotorrent.es\/ca\/wp-json\/wp\/v2\/media?parent=15231"}],"wp:term":[{"taxonomy":"category","embeddable":true,"href":"https:\/\/infotorrent.es\/ca\/wp-json\/wp\/v2\/categories?post=15231"},{"taxonomy":"post_tag","embeddable":true,"href":"https:\/\/infotorrent.es\/ca\/wp-json\/wp\/v2\/tags?post=15231"}],"curies":[{"name":"wp","href":"https:\/\/api.w.org\/{rel}","templated":true}]}}