{"id":15194,"date":"2022-02-17T10:28:42","date_gmt":"2022-02-17T10:28:42","guid":{"rendered":"https:\/\/infotorrent.es\/uncategorized\/jon-plazaola-i-aitziber-garmendia-dos-losers-a-lauditori-de-torrent\/"},"modified":"2022-02-17T10:30:36","modified_gmt":"2022-02-17T10:30:36","slug":"jon-plazaola-i-aitziber-garmendia-dos-losers-a-lauditori-de-torrent","status":"publish","type":"post","link":"https:\/\/infotorrent.es\/ca\/noticies\/jon-plazaola-i-aitziber-garmendia-dos-losers-a-lauditori-de-torrent\/","title":{"rendered":"Jon Plazaola i Aitziber Garmendia, dos \u2018Losers\u2019 a l\u2019Auditori de Torrent"},"content":{"rendered":"<p>Diumenge, dia 20 de febrer a les 19h, l\u2019Auditori de Torrent acollir\u00e0 l&#8217;estrena de <em>Losers<\/em>, una obra amb text de Marta\u00a0Buchaca i la direcci\u00f3 de Bego\u00f1a Bilbao que conta en clau de com\u00e8dia, la hist\u00f2ria de superaci\u00f3 de Manuel i Sandra, dos amics que ronden els quaranta i no tenen res del que la societat suposa que haurien de tenir a aquesta edat, per la qual cosa es consideren a si mateixos uns perdedors. <em>Losers<\/em> tracta de superar les nostres pors i les nostres limitacions i retrata els problemes i la\u00a0quotidianitat d&#8217;una gran part de la societat, amb un\u00a0divertit periple a la recerca de la felicitat.<\/p>\n<p>I tot aix\u00f2 amb la interpretaci\u00f3 de Jon\u00a0Plazaola, c\u00f2mic i monologuista, tamb\u00e9 conegut per la seua participaci\u00f3 en programes de televisi\u00f3 com <em>Vaya semanita<\/em> o <em>Zapeando<\/em> i en s\u00e8ries com <em>All\u00ed abajo<\/em>; i\u00a0Aitziber\u00a0Garmendia, actriu de teatre que tamb\u00e9 ha fet les seues incursions en cinema i ha participat en pel\u00b7l\u00edcules com <em>Ocho apellidos vascos<\/em>, <em>El extra\u00f1o anfitri\u00f3n<\/em> o<em> La matanza<\/em>.<\/p>\n<p>Entrades a la venda en www.auditoritorrent.com i en les taquilles de l\u2019Auditori (dijous de 17 a 20 h, divendres d&#8217;11 a 13 h i des de 2 hores abans del comen\u00e7ament de l&#8217;espectacle).<\/p>\n<p><a href=\"https:\/\/www.infotorrent.es\/wp-content\/uploads\/2022\/02\/LOSERS-Txalo-14agosto2019_879.jpg\"><img fetchpriority=\"high\" decoding=\"async\" class=\"wp-image-49105 aligncenter\" src=\"https:\/\/www.infotorrent.es\/wp-content\/uploads\/2022\/02\/LOSERS-Txalo-14agosto2019_879.jpg\" alt=\"\" width=\"600\" height=\"400\" \/><\/a><\/p>\n","protected":false},"excerpt":{"rendered":"<p>Diumenge, dia 20 de febrer a les 19h, l\u2019Auditori de Torrent acollir\u00e0 l&#8217;estrena de Losers, una obra amb text de Marta\u00a0Buchaca i la direcci\u00f3 de Bego\u00f1a Bilbao que conta en clau de com\u00e8dia, la hist\u00f2ria de superaci\u00f3 de Manuel i Sandra, dos amics que ronden els quaranta i no tenen res del que la societat [&hellip;]<\/p>\n","protected":false},"author":5,"featured_media":15196,"comment_status":"closed","ping_status":"open","sticky":false,"template":"","format":"standard","meta":{"_acf_changed":false,"footnotes":""},"categories":[117,116],"tags":[],"class_list":["post-15194","post","type-post","status-publish","format-standard","has-post-thumbnail","hentry","category-cultura","category-noticies"],"acf":[],"_links":{"self":[{"href":"https:\/\/infotorrent.es\/ca\/wp-json\/wp\/v2\/posts\/15194","targetHints":{"allow":["GET"]}}],"collection":[{"href":"https:\/\/infotorrent.es\/ca\/wp-json\/wp\/v2\/posts"}],"about":[{"href":"https:\/\/infotorrent.es\/ca\/wp-json\/wp\/v2\/types\/post"}],"author":[{"embeddable":true,"href":"https:\/\/infotorrent.es\/ca\/wp-json\/wp\/v2\/users\/5"}],"replies":[{"embeddable":true,"href":"https:\/\/infotorrent.es\/ca\/wp-json\/wp\/v2\/comments?post=15194"}],"version-history":[{"count":0,"href":"https:\/\/infotorrent.es\/ca\/wp-json\/wp\/v2\/posts\/15194\/revisions"}],"wp:featuredmedia":[{"embeddable":true,"href":"https:\/\/infotorrent.es\/ca\/wp-json\/wp\/v2\/media\/15196"}],"wp:attachment":[{"href":"https:\/\/infotorrent.es\/ca\/wp-json\/wp\/v2\/media?parent=15194"}],"wp:term":[{"taxonomy":"category","embeddable":true,"href":"https:\/\/infotorrent.es\/ca\/wp-json\/wp\/v2\/categories?post=15194"},{"taxonomy":"post_tag","embeddable":true,"href":"https:\/\/infotorrent.es\/ca\/wp-json\/wp\/v2\/tags?post=15194"}],"curies":[{"name":"wp","href":"https:\/\/api.w.org\/{rel}","templated":true}]}}