{"id":15132,"date":"2022-02-07T09:20:37","date_gmt":"2022-02-07T09:20:37","guid":{"rendered":"https:\/\/infotorrent.es\/uncategorized\/mes-de-300-persones-van-visitar-la-torre-de-torrent-el-dia-de-sant-blai\/"},"modified":"2022-02-07T09:44:05","modified_gmt":"2022-02-07T09:44:05","slug":"mes-de-300-persones-van-visitar-la-torre-de-torrent-el-dia-de-sant-blai","status":"publish","type":"post","link":"https:\/\/infotorrent.es\/ca\/cultura-es-2\/mes-de-300-persones-van-visitar-la-torre-de-torrent-el-dia-de-sant-blai\/","title":{"rendered":"M\u00e9s de 300 persones van visitar la Torre de Torrent el Dia de Sant Blai"},"content":{"rendered":"<p>La <strong>Torre de Torrent va obrir les seues portes al p\u00fablic per a commemorar la festivitat del Dia de Sant Blai<\/strong>, rebent un total de 324 visitants, que van poder con\u00e9ixer de primera m\u00e0 l&#8217;interior\u00a0 d&#8217;aquesta emblem\u00e0tica construcci\u00f3 de gran valor patrimonial, aix\u00ed com la hist\u00f2ria que guarden els seus murs des de la seua edificaci\u00f3 en el segle XII. Igualment, aquest ic\u00f2nic monument podr\u00e0 ser visitat els dissabtes, de 10 a 13:30h i de 17 a 19h, i els diumenges, de 10 a 13:30h.<\/p>\n<p>Aix\u00ed, els torrentins i torrentines tamb\u00e9 van poder gaudir d&#8217;un dels s\u00edmbols del patrimoni de Torrent en aquesta data tan assenyalada, igual que del tradicional Rossejat, els \u2018sanblaiets\u2019 o els gaiatos t\u00edpics de la celebraci\u00f3 de Sant Blai. Aix\u00ed mateix, el passat 1 de febrer, <strong>els clavaris de la Confrar\u00eda Verge del Rosari i Sant Llu\u00eds Gonzaga van celebrar la benedicci\u00f3 i oferiment de la branca d&#8217;ametler a la Verge del Rosari<\/strong>, un dels actes principals de l\u2019Entr\u00e0 de la Flor de Torrent.<\/p>\n<p><img fetchpriority=\"high\" decoding=\"async\" class=\"aligncenter wp-image-48899\" src=\"https:\/\/www.infotorrent.es\/wp-content\/uploads\/2022\/02\/Torre-Sant-Blai.jpeg\" alt=\"\" width=\"600\" height=\"450\" \/><\/p>\n<p><img decoding=\"async\" class=\"aligncenter wp-image-48897\" src=\"https:\/\/www.infotorrent.es\/wp-content\/uploads\/2022\/02\/Flor-2.jpg\" alt=\"\" width=\"600\" height=\"400\" \/><\/p>\n<p><img decoding=\"async\" class=\"aligncenter wp-image-48895\" src=\"https:\/\/www.infotorrent.es\/wp-content\/uploads\/2022\/02\/Flor-9.jpg\" alt=\"\" width=\"600\" height=\"400\" \/><\/p>\n","protected":false},"excerpt":{"rendered":"<p>La Torre de Torrent va obrir les seues portes al p\u00fablic per a commemorar la festivitat del Dia de Sant Blai, rebent un total de 324 visitants, que van poder con\u00e9ixer de primera m\u00e0 l&#8217;interior\u00a0 d&#8217;aquesta emblem\u00e0tica construcci\u00f3 de gran valor patrimonial, aix\u00ed com la hist\u00f2ria que guarden els seus murs des de la seua [&hellip;]<\/p>\n","protected":false},"author":2,"featured_media":15134,"comment_status":"closed","ping_status":"open","sticky":false,"template":"","format":"standard","meta":{"_acf_changed":false,"footnotes":""},"categories":[126,156],"tags":[],"class_list":["post-15132","post","type-post","status-publish","format-standard","has-post-thumbnail","hentry","category-cultura-es-2","category-festes-i-tradicions-2"],"acf":[],"_links":{"self":[{"href":"https:\/\/infotorrent.es\/ca\/wp-json\/wp\/v2\/posts\/15132","targetHints":{"allow":["GET"]}}],"collection":[{"href":"https:\/\/infotorrent.es\/ca\/wp-json\/wp\/v2\/posts"}],"about":[{"href":"https:\/\/infotorrent.es\/ca\/wp-json\/wp\/v2\/types\/post"}],"author":[{"embeddable":true,"href":"https:\/\/infotorrent.es\/ca\/wp-json\/wp\/v2\/users\/2"}],"replies":[{"embeddable":true,"href":"https:\/\/infotorrent.es\/ca\/wp-json\/wp\/v2\/comments?post=15132"}],"version-history":[{"count":0,"href":"https:\/\/infotorrent.es\/ca\/wp-json\/wp\/v2\/posts\/15132\/revisions"}],"wp:featuredmedia":[{"embeddable":true,"href":"https:\/\/infotorrent.es\/ca\/wp-json\/wp\/v2\/media\/15134"}],"wp:attachment":[{"href":"https:\/\/infotorrent.es\/ca\/wp-json\/wp\/v2\/media?parent=15132"}],"wp:term":[{"taxonomy":"category","embeddable":true,"href":"https:\/\/infotorrent.es\/ca\/wp-json\/wp\/v2\/categories?post=15132"},{"taxonomy":"post_tag","embeddable":true,"href":"https:\/\/infotorrent.es\/ca\/wp-json\/wp\/v2\/tags?post=15132"}],"curies":[{"name":"wp","href":"https:\/\/api.w.org\/{rel}","templated":true}]}}