{"id":15123,"date":"2022-02-04T11:36:12","date_gmt":"2022-02-04T11:36:12","guid":{"rendered":"https:\/\/infotorrent.es\/uncategorized\/sultimen-les-obres-de-millora-de-la-passarel%c2%b7la-per-als-vianants-de-mas-del-jutge\/"},"modified":"2022-02-04T11:38:16","modified_gmt":"2022-02-04T11:38:16","slug":"sultimen-les-obres-de-millora-de-la-passarel%c2%b7la-per-als-vianants-de-mas-del-jutge","status":"publish","type":"post","link":"https:\/\/infotorrent.es\/ca\/noticies\/sultimen-les-obres-de-millora-de-la-passarel%c2%b7la-per-als-vianants-de-mas-del-jutge\/","title":{"rendered":"S&#8217;ultimen les obres de millora de la passarel\u00b7la per als vianants de Mas del Jutge"},"content":{"rendered":"<p><span style=\"color: #000080;\"><strong>Aquesta actuaci\u00f3 t\u00e9 com a objectiu millorar l&#8217;accessibilitat i la protecci\u00f3 de l&#8217;estructura, que va des del carrer Sant Llu\u00eds Bertran al carrer Perellonet<\/strong><\/span><\/p>\n<p>L&#8217;Ajuntament de Torrent ultima les obres de millora de la passarel\u00b7la per als vianants que d\u00f3na acc\u00e9s al pol\u00edgon del Mas del Jutge des del carrer Sant Llu\u00eds Bertran al carrer Perellonet. Aquesta actuaci\u00f3, que compta amb un pressupost de 105.747\u201994 euros, t\u00e9 com a objectiu millorar l&#8217;accessibilitat i la protecci\u00f3 de l&#8217;estructura, de manera que la ciutadania puga fer \u00fas d&#8217;ella d&#8217;una forma m\u00e9s segura. D&#8217;aquesta manera, la intervenci\u00f3 efectuada en la passarel\u00b7la se suma a les ja realitzades en altres punts de la ciutat, aix\u00ed com a altres projectes en desenvolupament, per a millorar la mobilitat i la seguretat de les vies p\u00fabliques.<\/p>\n<p>La regidora d&#8217;Urbanisme, Inma Amat, ha destacat que <strong>\u201cel nostre comprom\u00eds \u00e9s el de millorar la mobilitat i la seguretat di\u00e0ria dels nostres ve\u00efns i ve\u00efnes, amb l&#8217;objectiu de millorar la seua qualitat de vida. Aquesta actuaci\u00f3 s&#8217;alinea amb un model de ciutat m\u00e9s amable, que aposta per espais segurs i una mobilitat urbana m\u00e9s sostenible\u201d<\/strong>.<\/p>\n<h1><a href=\"https:\/\/www.infotorrent.es\/wp-content\/uploads\/2022\/02\/IMG_2579-scaled.jpg\"><img fetchpriority=\"high\" decoding=\"async\" class=\"aligncenter wp-image-48862\" src=\"https:\/\/www.infotorrent.es\/wp-content\/uploads\/2022\/02\/IMG_2579-scaled.jpg\" alt=\"\" width=\"600\" height=\"400\" \/><\/a><a href=\"https:\/\/www.infotorrent.es\/wp-content\/uploads\/2022\/02\/IMG_2596-scaled.jpg\"><img decoding=\"async\" class=\"aligncenter wp-image-48864\" src=\"https:\/\/www.infotorrent.es\/wp-content\/uploads\/2022\/02\/IMG_2596-scaled.jpg\" alt=\"\" width=\"600\" height=\"400\" \/><\/a><\/h1>\n","protected":false},"excerpt":{"rendered":"<p>Aquesta actuaci\u00f3 t\u00e9 com a objectiu millorar l&#8217;accessibilitat i la protecci\u00f3 de l&#8217;estructura, que va des del carrer Sant Llu\u00eds Bertran al carrer Perellonet L&#8217;Ajuntament de Torrent ultima les obres de millora de la passarel\u00b7la per als vianants que d\u00f3na acc\u00e9s al pol\u00edgon del Mas del Jutge des del carrer Sant Llu\u00eds Bertran al carrer [&hellip;]<\/p>\n","protected":false},"author":5,"featured_media":15125,"comment_status":"closed","ping_status":"open","sticky":false,"template":"","format":"standard","meta":{"_acf_changed":false,"footnotes":""},"categories":[116,133],"tags":[],"class_list":["post-15123","post","type-post","status-publish","format-standard","has-post-thumbnail","hentry","category-noticies","category-urbanisme"],"acf":[],"_links":{"self":[{"href":"https:\/\/infotorrent.es\/ca\/wp-json\/wp\/v2\/posts\/15123","targetHints":{"allow":["GET"]}}],"collection":[{"href":"https:\/\/infotorrent.es\/ca\/wp-json\/wp\/v2\/posts"}],"about":[{"href":"https:\/\/infotorrent.es\/ca\/wp-json\/wp\/v2\/types\/post"}],"author":[{"embeddable":true,"href":"https:\/\/infotorrent.es\/ca\/wp-json\/wp\/v2\/users\/5"}],"replies":[{"embeddable":true,"href":"https:\/\/infotorrent.es\/ca\/wp-json\/wp\/v2\/comments?post=15123"}],"version-history":[{"count":0,"href":"https:\/\/infotorrent.es\/ca\/wp-json\/wp\/v2\/posts\/15123\/revisions"}],"wp:featuredmedia":[{"embeddable":true,"href":"https:\/\/infotorrent.es\/ca\/wp-json\/wp\/v2\/media\/15125"}],"wp:attachment":[{"href":"https:\/\/infotorrent.es\/ca\/wp-json\/wp\/v2\/media?parent=15123"}],"wp:term":[{"taxonomy":"category","embeddable":true,"href":"https:\/\/infotorrent.es\/ca\/wp-json\/wp\/v2\/categories?post=15123"},{"taxonomy":"post_tag","embeddable":true,"href":"https:\/\/infotorrent.es\/ca\/wp-json\/wp\/v2\/tags?post=15123"}],"curies":[{"name":"wp","href":"https:\/\/api.w.org\/{rel}","templated":true}]}}