{"id":15108,"date":"2022-02-01T11:10:36","date_gmt":"2022-02-01T11:10:36","guid":{"rendered":"https:\/\/infotorrent.es\/uncategorized\/torrent-celebra-el-cap-de-setmana-de-larbre\/"},"modified":"2022-02-01T11:16:31","modified_gmt":"2022-02-01T11:16:31","slug":"torrent-celebra-el-cap-de-setmana-de-larbre","status":"publish","type":"post","link":"https:\/\/infotorrent.es\/ca\/noticies\/torrent-celebra-el-cap-de-setmana-de-larbre\/","title":{"rendered":"Torrent celebra el \u2018Cap de setmana de l&#8217;Arbre\u2019"},"content":{"rendered":"<p><span style=\"color: #000080;\"><strong>L&#8217;Ajuntament va preparar una s\u00e8rie d&#8217;activitats per a conscienciar a la ciutadania sobre la import\u00e0ncia de cuidar el Medi Ambient i els seus recursos naturals<\/strong><\/span><\/p>\n<p>El dissabte 29 i el diumenge 30 de gener, Torrent va celebrar el \u2018Cap de setmana de l&#8217;Arbre\u2019 amb motiu del Dia Mundial de l&#8217;Acci\u00f3 enfront del Calfament Terrestre, que va tenir lloc el passat 28 de gener. Per a aix\u00f2, l&#8217;Ajuntament de Torrent, a trav\u00e9s de la regidoria de Medi Ambient, va preparar un conjunt d&#8217;activitats per a conscienciar a la ciutadania de la import\u00e0ncia de protegir el nostre entorn natural, i especialment als xiquets i xiquetes de la localitat. A m\u00e9s del valor fonamental de l&#8217;arbre com a productor d&#8217;oxigen.<\/p>\n<p><strong>\u201c\u00c9s important que els xiquets i xiquetes siguen conscients de la gran import\u00e0ncia que t\u00e9 cuidar el nostre ecosistema i els seus recursos naturals, ja que ells i elles s\u00f3n la base del nostre futur\u201d<\/strong>, ha destacat el regidor de Medi Ambient, Francisco Jos\u00e9 Arnau.<\/p>\n<p>D&#8217;aquesta manera, el 29 de gener, l&#8217;Associaci\u00f3 de Ve\u00efns El Vedat i el consistori, en col\u00b7laboraci\u00f3 amb els voluntaris i volunt\u00e0ries de Torrent Verd, van dur a terme la III edici\u00f3 de \u2018Apadrina un Arbre\u2019; una jornada de reforestaci\u00f3 en la qual les fam\u00edlies participants van plantar un exemplar de pi o carrasca, senyalitzant-lo correctament amb una piqueta distintiva, per a aix\u00ed regar-ho i cuidar-ho en el futur.<\/p>\n<p>L&#8217;endem\u00e0, 30 de gener, l\u2019Hort de Tr\u00e9nor va acollir la celebraci\u00f3 de l&#8217;activitat \u2018Jard\u00ed dels arbres\u2019, amb diversos tallers i jocs en els quals les xiquetes i xiquets van tenir l&#8217;oportunitat d&#8217;aprendre, entre altres coses, a recon\u00e8ixer els arbres per les seues caracter\u00edstiques diferents. Per part seua, les mares i pares van poder gaudir d&#8217;una visita guiada pels racons de l\u2019Hort, coneixent la diversa flora que alberga l&#8217;ic\u00f2nic empla\u00e7ament.<\/p>\n<p>A m\u00e9s, el 28 de gener, els xiquets i xiquetes amb els quals col\u00b7labora el Colectiu Soterranya van plantar arbres en els buits existents en el barri del Xenillet, amb la intenci\u00f3 de posar en valor els espais verds de la ciutat enfront dels m\u00e9s xicotets<\/p>\n<p><img fetchpriority=\"high\" decoding=\"async\" class=\"aligncenter wp-image-48815\" src=\"https:\/\/www.infotorrent.es\/wp-content\/uploads\/2022\/02\/WhatsApp-Image-2022-01-31-at-15.10.51.jpeg\" alt=\"\" width=\"600\" height=\"450\" \/><\/p>\n<p>&nbsp;<\/p>\n<p><a href=\"https:\/\/www.infotorrent.es\/wp-content\/uploads\/2022\/02\/17-1.jpg\"><img decoding=\"async\" class=\"aligncenter wp-image-48805\" src=\"https:\/\/www.infotorrent.es\/wp-content\/uploads\/2022\/02\/17-1.jpg\" alt=\"\" width=\"600\" height=\"450\" \/><\/a><\/p>\n<p>&nbsp;<\/p>\n<p><a href=\"https:\/\/www.infotorrent.es\/wp-content\/uploads\/2022\/02\/20-1.jpg\"><img decoding=\"async\" class=\"aligncenter wp-image-48807\" src=\"https:\/\/www.infotorrent.es\/wp-content\/uploads\/2022\/02\/20-1.jpg\" alt=\"\" width=\"600\" height=\"450\" \/><\/a><\/p>\n<p><a href=\"https:\/\/www.infotorrent.es\/wp-content\/uploads\/2022\/02\/22-1.jpg\"><img loading=\"lazy\" decoding=\"async\" class=\"aligncenter wp-image-48809\" src=\"https:\/\/www.infotorrent.es\/wp-content\/uploads\/2022\/02\/22-1.jpg\" alt=\"\" width=\"450\" height=\"600\" \/><\/a><a href=\"https:\/\/www.infotorrent.es\/wp-content\/uploads\/2022\/02\/WhatsApp-Image-2022-01-31-at-14.04.06.jpeg\"><img loading=\"lazy\" decoding=\"async\" class=\"aligncenter wp-image-48811\" src=\"https:\/\/www.infotorrent.es\/wp-content\/uploads\/2022\/02\/WhatsApp-Image-2022-01-31-at-14.04.06.jpeg\" alt=\"\" width=\"600\" height=\"450\" \/><\/a><a href=\"https:\/\/www.infotorrent.es\/wp-content\/uploads\/2022\/02\/WhatsApp-Image-2022-01-31-at-14.11.00.jpeg\"><img loading=\"lazy\" decoding=\"async\" class=\"aligncenter wp-image-48813\" src=\"https:\/\/www.infotorrent.es\/wp-content\/uploads\/2022\/02\/WhatsApp-Image-2022-01-31-at-14.11.00.jpeg\" alt=\"\" width=\"600\" height=\"450\" \/><\/a><a href=\"https:\/\/www.infotorrent.es\/wp-content\/uploads\/2022\/02\/WhatsApp-Image-2022-01-31-at-15.11.47.jpeg\"><img loading=\"lazy\" decoding=\"async\" class=\"aligncenter wp-image-48817\" src=\"https:\/\/www.infotorrent.es\/wp-content\/uploads\/2022\/02\/WhatsApp-Image-2022-01-31-at-15.11.47.jpeg\" alt=\"\" width=\"600\" height=\"450\" \/><\/a><\/p>\n","protected":false},"excerpt":{"rendered":"<p>L&#8217;Ajuntament va preparar una s\u00e8rie d&#8217;activitats per a conscienciar a la ciutadania sobre la import\u00e0ncia de cuidar el Medi Ambient i els seus recursos naturals El dissabte 29 i el diumenge 30 de gener, Torrent va celebrar el \u2018Cap de setmana de l&#8217;Arbre\u2019 amb motiu del Dia Mundial de l&#8217;Acci\u00f3 enfront del Calfament Terrestre, que [&hellip;]<\/p>\n","protected":false},"author":5,"featured_media":15110,"comment_status":"closed","ping_status":"open","sticky":false,"template":"","format":"standard","meta":{"_acf_changed":false,"footnotes":""},"categories":[138,116],"tags":[],"class_list":["post-15108","post","type-post","status-publish","format-standard","has-post-thumbnail","hentry","category-medio-ambiente-2","category-noticies"],"acf":[],"_links":{"self":[{"href":"https:\/\/infotorrent.es\/ca\/wp-json\/wp\/v2\/posts\/15108","targetHints":{"allow":["GET"]}}],"collection":[{"href":"https:\/\/infotorrent.es\/ca\/wp-json\/wp\/v2\/posts"}],"about":[{"href":"https:\/\/infotorrent.es\/ca\/wp-json\/wp\/v2\/types\/post"}],"author":[{"embeddable":true,"href":"https:\/\/infotorrent.es\/ca\/wp-json\/wp\/v2\/users\/5"}],"replies":[{"embeddable":true,"href":"https:\/\/infotorrent.es\/ca\/wp-json\/wp\/v2\/comments?post=15108"}],"version-history":[{"count":0,"href":"https:\/\/infotorrent.es\/ca\/wp-json\/wp\/v2\/posts\/15108\/revisions"}],"wp:featuredmedia":[{"embeddable":true,"href":"https:\/\/infotorrent.es\/ca\/wp-json\/wp\/v2\/media\/15110"}],"wp:attachment":[{"href":"https:\/\/infotorrent.es\/ca\/wp-json\/wp\/v2\/media?parent=15108"}],"wp:term":[{"taxonomy":"category","embeddable":true,"href":"https:\/\/infotorrent.es\/ca\/wp-json\/wp\/v2\/categories?post=15108"},{"taxonomy":"post_tag","embeddable":true,"href":"https:\/\/infotorrent.es\/ca\/wp-json\/wp\/v2\/tags?post=15108"}],"curies":[{"name":"wp","href":"https:\/\/api.w.org\/{rel}","templated":true}]}}