{"id":15102,"date":"2022-02-01T10:02:29","date_gmt":"2022-02-01T10:02:29","guid":{"rendered":"https:\/\/infotorrent.es\/uncategorized\/lauditori-de-torrent-acull-el-xv-aniversari-del-festival-brassurround\/"},"modified":"2022-02-01T10:09:08","modified_gmt":"2022-02-01T10:09:08","slug":"lauditori-de-torrent-acull-el-xv-aniversari-del-festival-brassurround","status":"publish","type":"post","link":"https:\/\/infotorrent.es\/ca\/noticies\/lauditori-de-torrent-acull-el-xv-aniversari-del-festival-brassurround\/","title":{"rendered":"L\u2019Auditori de Torrent acull el XV aniversari del Festival Brassurround"},"content":{"rendered":"<p><span style=\"color: #000080;\"><strong>Els dies 4, 5 i 6 de febrer, el p\u00fablic podr\u00e0 gaudir d&#8217;una nova edici\u00f3 del festival protagonitzada per m\u00fasics valencians i internacionals de renom<\/strong><\/span><\/p>\n<p>El XV aniversari del Festival Brassurround arribar\u00e0 a l\u2019Auditori de Torrent els dies 4, 5 i 6 de febrer, amb una edici\u00f3 protagonitzada per m\u00fasics valencians i Internacionals de renom, que faran les del\u00edcies del p\u00fablic amb tres actuacions variades i impregnades per diferents estils i corrents musicals de llocs diversos del m\u00f3n.<\/p>\n<p>Aix\u00ed, el 4 de febrer, l\u2019Auditori acollir\u00e0 el concert \u2018Our Spanish Heart\u2019, un homenatge a Chick Corea que reunir\u00e0 m\u00fasics de la talla de Spanish Brass, el trompetista estatunidenc Adam Rapa, el pianista itali\u00e0 Lucca Dell\u2019Anna i els percussionistes Pablo Dom\u00ednguez i Juanjo Garcer\u00e1. Amb arranjaments del propi Rapa, \u2018Our Spanish Heart\u2019 pren el t\u00edtol del CD \u2018My Spanish Heart\u2019, publicat en 1976 i en el qual Chick Corea va incloure peces com \u2018Armant\u2019s Rhumba\u2019, actualment considerat un standard del jazz.<\/p>\n<p>L&#8217;endem\u00e0, dissabte 5 de febrer, ser\u00e0 el torn dels m\u00fasics de la banda La Valenciana, integrada per int\u00e8rprets valencians residents a Catalunya, que actuaran acompanyats dels trompetistes Adam Rapa i Luis Gonz\u00e1lez i el tuba franc\u00e8s Fabien Wallerand.<\/p>\n<p>El concert de clausura del festival, el 6 de febrer, estar\u00e0 dedicat a la presentaci\u00f3 del CD \u2018Music for Brass Quintet\u2019, d&#8217;Andr\u00e9s Valero-Castells, i comptar\u00e0 amb la participaci\u00f3 de Spanish Brass, Porpra Pansa, Luis Gonz\u00e1lez, Brassurround Brass Ensemble i el propi compositor Valero-Castells al piano.<\/p>\n<p>En paral\u00b7lel a l&#8217;activitat concert\u00edstica, se celebraran els cursos de trompeta, trompa, tromb\u00f3, tuba i bombard\u00ed que comptaran com a professors amb els trompetistes: Adam Rapa, Luis Gonz\u00e1lez, Carlos Benet\u00f3 i Juanjo Serna; els trompes: Javier Bonet i Manolo P\u00e9rez; els trombonistes: Carlos Gil, Rub\u00e9n Toribio i Inda Benet\u00f3; i els tubes Fabien Wallerand i Sergio Finca. M\u00e9s informaci\u00f3: www.brassurround.com<\/p>\n<p>Entrades a la venda en www.auditoritorrent.com i en les taquilles de l\u2019Auditori (dijous de 17 a 20 h, divendres d&#8217;11 a 13 h i des de 2 hores abans del comen\u00e7ament de l&#8217;espectacle).<\/p>\n<p><a href=\"https:\/\/www.infotorrent.es\/wp-content\/uploads\/2022\/02\/GEN\u00c9RIC-Cartell-concerts-brassurround-2022-06-1-scaled.jpg\"><img fetchpriority=\"high\" decoding=\"async\" class=\"aligncenter wp-image-48785\" src=\"https:\/\/www.infotorrent.es\/wp-content\/uploads\/2022\/02\/GEN\u00c9RIC-Cartell-concerts-brassurround-2022-06-1-scaled.jpg\" alt=\"\" width=\"427\" height=\"600\" \/><\/a><a href=\"https:\/\/www.infotorrent.es\/wp-content\/uploads\/2022\/02\/our_spanish_heart_6-1-scaled.jpg\"><img decoding=\"async\" class=\"aligncenter wp-image-48787\" src=\"https:\/\/www.infotorrent.es\/wp-content\/uploads\/2022\/02\/our_spanish_heart_6-1-scaled.jpg\" alt=\"\" width=\"600\" height=\"465\" \/><\/a><\/p>\n","protected":false},"excerpt":{"rendered":"<p>Els dies 4, 5 i 6 de febrer, el p\u00fablic podr\u00e0 gaudir d&#8217;una nova edici\u00f3 del festival protagonitzada per m\u00fasics valencians i internacionals de renom El XV aniversari del Festival Brassurround arribar\u00e0 a l\u2019Auditori de Torrent els dies 4, 5 i 6 de febrer, amb una edici\u00f3 protagonitzada per m\u00fasics valencians i Internacionals de renom, [&hellip;]<\/p>\n","protected":false},"author":5,"featured_media":15104,"comment_status":"closed","ping_status":"open","sticky":false,"template":"","format":"standard","meta":{"_acf_changed":false,"footnotes":""},"categories":[117,116],"tags":[],"class_list":["post-15102","post","type-post","status-publish","format-standard","has-post-thumbnail","hentry","category-cultura","category-noticies"],"acf":[],"_links":{"self":[{"href":"https:\/\/infotorrent.es\/ca\/wp-json\/wp\/v2\/posts\/15102","targetHints":{"allow":["GET"]}}],"collection":[{"href":"https:\/\/infotorrent.es\/ca\/wp-json\/wp\/v2\/posts"}],"about":[{"href":"https:\/\/infotorrent.es\/ca\/wp-json\/wp\/v2\/types\/post"}],"author":[{"embeddable":true,"href":"https:\/\/infotorrent.es\/ca\/wp-json\/wp\/v2\/users\/5"}],"replies":[{"embeddable":true,"href":"https:\/\/infotorrent.es\/ca\/wp-json\/wp\/v2\/comments?post=15102"}],"version-history":[{"count":0,"href":"https:\/\/infotorrent.es\/ca\/wp-json\/wp\/v2\/posts\/15102\/revisions"}],"wp:featuredmedia":[{"embeddable":true,"href":"https:\/\/infotorrent.es\/ca\/wp-json\/wp\/v2\/media\/15104"}],"wp:attachment":[{"href":"https:\/\/infotorrent.es\/ca\/wp-json\/wp\/v2\/media?parent=15102"}],"wp:term":[{"taxonomy":"category","embeddable":true,"href":"https:\/\/infotorrent.es\/ca\/wp-json\/wp\/v2\/categories?post=15102"},{"taxonomy":"post_tag","embeddable":true,"href":"https:\/\/infotorrent.es\/ca\/wp-json\/wp\/v2\/tags?post=15102"}],"curies":[{"name":"wp","href":"https:\/\/api.w.org\/{rel}","templated":true}]}}