{"id":15058,"date":"2022-01-20T08:31:26","date_gmt":"2022-01-20T08:31:26","guid":{"rendered":"https:\/\/infotorrent.es\/uncategorized\/2022-any-de-la-musica-a-torrent\/"},"modified":"2022-01-20T08:34:19","modified_gmt":"2022-01-20T08:34:19","slug":"2022-any-de-la-musica-a-torrent","status":"publish","type":"post","link":"https:\/\/infotorrent.es\/ca\/cultura-es-2\/2022-any-de-la-musica-a-torrent\/","title":{"rendered":"2022, \u2018Any de la M\u00fasica\u2019 a Torrent"},"content":{"rendered":"<p><span style=\"font-family: arial, helvetica, sans-serif;\">2022 ser\u00e0 \u2018l&#8217;Any de la M\u00fasica\u2019 a Torrent, despr\u00e9s que el Ple Municipal emetera una declaraci\u00f3 institucional despr\u00e9s de l&#8217;acord de tots els grups pol\u00edtics. Aquest reconeixement es deu a l&#8217;especial manera d&#8217;entendre i viure la m\u00fasica del poble torrent\u00ed, que se sent fortament lligat a aquesta i l&#8217;ha convertida en un dels pilars fonamentals del seu patrimoni cultural i social.<\/span><\/p>\n<p><span style=\"font-family: arial, helvetica, sans-serif;\">Bandes de m\u00fasica, institucions d&#8217;ensenyament superior, compositors, grups de ball, de tabal i dol\u00e7aina, etc. acompanyen di\u00e0riament la vida del municipi, des de l&#8217;Entrada de la Flor, passant per les processons, Falles, Setmana Santa, Moros i Cristians, l&#8217;Aurora, fins a concerts i actuacions. Per aix\u00f2, la m\u00fasica \u00e9s i ser\u00e0 un dels s\u00edmbols de Torrent.<\/span><\/p>\n<p><span style=\"font-family: arial, helvetica, sans-serif;\"><strong>\u201cDurant enguany tindrem una gran varietat d&#8217;actes i esdeveniments, que posaran de manifest el comprom\u00eds de la ciutat de Torrent amb la m\u00fasica\u201d<\/strong>, ha destacat la regidora de Cultura, Susi Ferrer.<\/span><\/p>\n<p><img fetchpriority=\"high\" decoding=\"async\" class=\"aligncenter wp-image-48609\" src=\"https:\/\/www.infotorrent.es\/wp-content\/uploads\/2022\/01\/PANTALLA-AJUNTAMENT4.jpg\" alt=\"\" width=\"600\" height=\"257\" \/><img decoding=\"async\" class=\"aligncenter wp-image-48611\" src=\"https:\/\/www.infotorrent.es\/wp-content\/uploads\/2022\/01\/PANTALLA-AJUNTAMENT2.jpg\" alt=\"\" width=\"600\" height=\"257\" \/><\/p>\n","protected":false},"excerpt":{"rendered":"<p>2022 ser\u00e0 \u2018l&#8217;Any de la M\u00fasica\u2019 a Torrent, despr\u00e9s que el Ple Municipal emetera una declaraci\u00f3 institucional despr\u00e9s de l&#8217;acord de tots els grups pol\u00edtics. Aquest reconeixement es deu a l&#8217;especial manera d&#8217;entendre i viure la m\u00fasica del poble torrent\u00ed, que se sent fortament lligat a aquesta i l&#8217;ha convertida en un dels pilars fonamentals [&hellip;]<\/p>\n","protected":false},"author":2,"featured_media":15060,"comment_status":"closed","ping_status":"open","sticky":false,"template":"","format":"standard","meta":{"_acf_changed":false,"footnotes":""},"categories":[126],"tags":[],"class_list":["post-15058","post","type-post","status-publish","format-standard","has-post-thumbnail","hentry","category-cultura-es-2"],"acf":[],"_links":{"self":[{"href":"https:\/\/infotorrent.es\/ca\/wp-json\/wp\/v2\/posts\/15058","targetHints":{"allow":["GET"]}}],"collection":[{"href":"https:\/\/infotorrent.es\/ca\/wp-json\/wp\/v2\/posts"}],"about":[{"href":"https:\/\/infotorrent.es\/ca\/wp-json\/wp\/v2\/types\/post"}],"author":[{"embeddable":true,"href":"https:\/\/infotorrent.es\/ca\/wp-json\/wp\/v2\/users\/2"}],"replies":[{"embeddable":true,"href":"https:\/\/infotorrent.es\/ca\/wp-json\/wp\/v2\/comments?post=15058"}],"version-history":[{"count":0,"href":"https:\/\/infotorrent.es\/ca\/wp-json\/wp\/v2\/posts\/15058\/revisions"}],"wp:featuredmedia":[{"embeddable":true,"href":"https:\/\/infotorrent.es\/ca\/wp-json\/wp\/v2\/media\/15060"}],"wp:attachment":[{"href":"https:\/\/infotorrent.es\/ca\/wp-json\/wp\/v2\/media?parent=15058"}],"wp:term":[{"taxonomy":"category","embeddable":true,"href":"https:\/\/infotorrent.es\/ca\/wp-json\/wp\/v2\/categories?post=15058"},{"taxonomy":"post_tag","embeddable":true,"href":"https:\/\/infotorrent.es\/ca\/wp-json\/wp\/v2\/tags?post=15058"}],"curies":[{"name":"wp","href":"https:\/\/api.w.org\/{rel}","templated":true}]}}