{"id":15037,"date":"2022-01-14T14:00:36","date_gmt":"2022-01-14T14:00:36","guid":{"rendered":"https:\/\/infotorrent.es\/uncategorized\/lauditori-de-torrent-inicia-nova-temporada-amb-vaquero-clavero\/"},"modified":"2022-01-14T14:06:24","modified_gmt":"2022-01-14T14:06:24","slug":"lauditori-de-torrent-inicia-nova-temporada-amb-vaquero-clavero","status":"publish","type":"post","link":"https:\/\/infotorrent.es\/ca\/cultura-es-2\/lauditori-de-torrent-inicia-nova-temporada-amb-vaquero-clavero\/","title":{"rendered":"L\u2019auditori de Torrent inicia nova temporada amb Vaquero &#038; Clavero"},"content":{"rendered":"<p><span style=\"color: #000080;\"><strong>Dos dels monologuistes m\u00e9s coneguts del nostre pa\u00eds arriben amb el seu espectacle \u201cmai plou a gust de tots\u201d<\/strong><\/span><\/p>\n<p>L\u2019Auditori de Torrent inaugura la seua programaci\u00f3 de 2022 amb el t\u00e0ndem format per J.J. Vaquer i \u00c1lex Clavero, dos dels monologuistes m\u00e9s coneguts del nostre pa\u00eds, que ens porten el seu espectacle \u201cMai plou a gust de tots\u201d. Tots dos c\u00f2mics val\u00b7lisoletans, units pel seu espai humor\u00edstic radiof\u00f2nic de Melodia FM, compten amb m\u00e9s de deu anys d&#8217;experi\u00e8ncia en aix\u00f2 de la com\u00e8dia. En el seu nou espectacle, ens mostren les dues cares d&#8217;una mateixa moneda i \u00e9s que, mai plou a gust de tots, el millor que et pot passar a tu, pot ser que es convertisca en el pitjor per a mi. La funci\u00f3 ser\u00e0 el diumenge 16 de gener a les 19 h.<\/p>\n<p>Tamb\u00e9 el monologuista Ra\u00fal Ant\u00f3n visita l\u2019Auditori amb el seu espectacle \u201cTorna als 90\u201d, una festa per a tornar a viure una aut\u00e8ntica nit noventera amb m\u00fasica en directe i humor, amb Ra\u00fal Ant\u00f3n com a mestre de cerim\u00f2nies i les actuacions de Marian Dacal (Flying Free) i Sensity World (Get It Up) (dissabte 19 de febrer).<\/p>\n<p>Durant el mes de gener, tamb\u00e9 podrem gaudir de la m\u00fasica cl\u00e0ssica, en aquesta ocasi\u00f3 de la m\u00e0 del quartet Victoria Ensemble que oferir\u00e0 un programa amb dos quartets per a piano de Mozart i Strauss (dissabte 22 de gener).<\/p>\n<p>El teatre musical tamb\u00e9 t\u00e9 el seu buit amb \u201c\u00c9s una llanda el treballar\u201d, una com\u00e8dia molt musical amb els grans \u00e8xits de Luis Aguil\u00e9, i interpretada per Gisela i Na\u00edm Thomas (dissabte 29 de gener); i el musical familiar \u201cPirates. El secret de l&#8217;arbre\u201d (diumenge 27 de febrer).<\/p>\n<p>Al febrer arriba l&#8217;edici\u00f3 n\u00fam. 15 del Festival Brassurround Torrent, organitzat pel prestigi\u00f3s quintet de metalls Spanish Brass. Com \u00e9s habitual en les \u00faltimes edicions, el festival comptar\u00e0 amb nombrosos professors nacionals i internacionals, apostant per la qualitat pedag\u00f2gica que des de fa tants anys ve demostrant. Quant als concerts, Spanish Brass presentar\u00e0 el nostre \u00faltim espectacle \u201cOur Spanish Hearth \u2013 Tribute to Chick Corea\u201d, en homenatge a aquest gran m\u00fasic que fa pocs mesos ens ha deixat. Tamb\u00e9 tindr\u00e0 lloc la presentaci\u00f3 de la seua \u00faltima producci\u00f3 discogr\u00e0fica, dedicada a Andr\u00e9s Valero-Castells, qui a m\u00e9s \u00e9s compositor resident del festival, i del qual s&#8217;estrenaran diverses obres per a quintet de metalls, que estan incloses en aquest CD. Finalment, aquesta edici\u00f3 comptar\u00e0 amb una formaci\u00f3 que est\u00e0 agafant la seua import\u00e0ncia a Catalunya i que representa amb gran qualitat a la nostra comunitat, La Valenciana (del 4 al 6 de febrer).<\/p>\n<p>Dins del Festival Arrels organitzat per la Delegaci\u00f3 de Cultura de l&#8217;Ajuntament de Torrent, l\u2019Auditori acull el concert de clausura, \u201cMediterr\u00e0nia\u201d, un concert en el qual Capella de Ministrers reivindica la seua personalitat mediterr\u00e0nia. El mar ens porta en aquesta ocasi\u00f3 a It\u00e0lia i, en particular, a N\u00e0pols, on esclaten els sentiments en moltes direccions (diumenge 13 de febrer).<\/p>\n<p>Tamb\u00e9 El Diluvi presenta nou treball, \u201cPresent\u201d. Li acompanyaran en l&#8217;escenari amics de viatge com Esther, Esteve Tortosa i Marc Andr\u00e9s de Auxili, Carles Caselles dels Smoking Souls i molts m\u00e9s que anirem revelant. El Diluvi s\u00f3n hereus d&#8217;un llegat que es remunta a hist\u00f2rics del folk valenci\u00e0 com Al Tall o Carraixet, i fills -creativament- de la gran figura d&#8217;Ovidi Montllor. Actualitzadors amb saviesa d&#8217;aquella her\u00e8ncia mitjan\u00e7ant la fusi\u00f3 amb altres estils i una sonoritat absolutament vigent, mereixen ser considerats un dels millors grups de mestissatge sonor del pa\u00eds (dissabte 20 febrer).<\/p>\n<p>En l&#8217;apartat teatral, tres propostes diverses quant a contingut i format: \u201cLosers\u201d una com\u00e8dia que parla de la superaci\u00f3, protagonitzada per Jon Plazaola i Aitziber Garmendia (diumenge 20 de febrer); \u201cDiferent\u201d, primera incursi\u00f3 en el teatre del televisiu Kiko Hern\u00e1ndez; i \u201cHeretar\u00e0s la pluja\u201d, teatre d&#8217;avui escrit per Imprebis, un dels col\u00b7lectius de creaci\u00f3 m\u00e9s consolidats del teatre espanyol contemporani, un viatge dels dos \u00faltims supervivents de l&#8217;esp\u00e8cie humana, al l\u00edmit de la vida i la llibertat (divendres 25 25 de mar\u00e7).<\/p>\n<p>L&#8217;\u00f2pera tampoc podia faltar a la cita amb el p\u00fablic de Torrent que, en aquesta ocasi\u00f3, podr\u00e0 gaudir de \u201cNabucco\u201d de\u00a0Giuseppe Verdi, de la m\u00e0 de la companyia \u00d2pera 2001, habitual del nostre escenari (dijous 3 de mar\u00e7)<\/p>\n<p>Per a tancar el trimestre, un magn\u00edfic concert de l&#8217;Orfe\u00f3 Universitari de Val\u00e8ncia, formaci\u00f3 que compleix 75 anys i ho celebra en l\u2019Auditori amb \u201cIl cant del\u00a0cigno\u201d, un programa de compositors napolitans del segle XVIII, en el qual estar\u00e0 acompanyat pel grup de cambra M\u00fasica\u00a0Trobada, la soprano Pilar Moral i el\u00a0contratenor Carlos Mena (dissabte 26 de mar\u00e7).<\/p>\n<p>Entrades a la venda en www.auditoritorrent.com i en les taquilles de l\u2019Auditori (dijous de 17 a 20 h, divendres d&#8217;11 a 13 h i des de 2 hores abans del comen\u00e7ament de l&#8217;espectacle).<\/p>\n<p>&nbsp;<\/p>\n<p><img fetchpriority=\"high\" decoding=\"async\" class=\"wp-image-46945 aligncenter\" src=\"https:\/\/www.infotorrent.es\/wp-content\/uploads\/2022\/01\/LOSERS-Txalo-14agosto2019_638.jpg\" alt=\"\" width=\"600\" height=\"400\" \/><\/p>\n<p><img decoding=\"async\" class=\"aligncenter wp-image-46947\" src=\"https:\/\/www.infotorrent.es\/wp-content\/uploads\/2022\/01\/VAQUERO-CLAVERO-apaisado.jpg\" alt=\"\" width=\"600\" height=\"351\" \/><\/p>\n","protected":false},"excerpt":{"rendered":"<p>Dos dels monologuistes m\u00e9s coneguts del nostre pa\u00eds arriben amb el seu espectacle \u201cmai plou a gust de tots\u201d L\u2019Auditori de Torrent inaugura la seua programaci\u00f3 de 2022 amb el t\u00e0ndem format per J.J. Vaquer i \u00c1lex Clavero, dos dels monologuistes m\u00e9s coneguts del nostre pa\u00eds, que ens porten el seu espectacle \u201cMai plou a [&hellip;]<\/p>\n","protected":false},"author":2,"featured_media":15039,"comment_status":"closed","ping_status":"open","sticky":false,"template":"","format":"standard","meta":{"_acf_changed":false,"footnotes":""},"categories":[126],"tags":[],"class_list":["post-15037","post","type-post","status-publish","format-standard","has-post-thumbnail","hentry","category-cultura-es-2"],"acf":[],"_links":{"self":[{"href":"https:\/\/infotorrent.es\/ca\/wp-json\/wp\/v2\/posts\/15037","targetHints":{"allow":["GET"]}}],"collection":[{"href":"https:\/\/infotorrent.es\/ca\/wp-json\/wp\/v2\/posts"}],"about":[{"href":"https:\/\/infotorrent.es\/ca\/wp-json\/wp\/v2\/types\/post"}],"author":[{"embeddable":true,"href":"https:\/\/infotorrent.es\/ca\/wp-json\/wp\/v2\/users\/2"}],"replies":[{"embeddable":true,"href":"https:\/\/infotorrent.es\/ca\/wp-json\/wp\/v2\/comments?post=15037"}],"version-history":[{"count":0,"href":"https:\/\/infotorrent.es\/ca\/wp-json\/wp\/v2\/posts\/15037\/revisions"}],"wp:featuredmedia":[{"embeddable":true,"href":"https:\/\/infotorrent.es\/ca\/wp-json\/wp\/v2\/media\/15039"}],"wp:attachment":[{"href":"https:\/\/infotorrent.es\/ca\/wp-json\/wp\/v2\/media?parent=15037"}],"wp:term":[{"taxonomy":"category","embeddable":true,"href":"https:\/\/infotorrent.es\/ca\/wp-json\/wp\/v2\/categories?post=15037"},{"taxonomy":"post_tag","embeddable":true,"href":"https:\/\/infotorrent.es\/ca\/wp-json\/wp\/v2\/tags?post=15037"}],"curies":[{"name":"wp","href":"https:\/\/api.w.org\/{rel}","templated":true}]}}