{"id":14886,"date":"2021-12-10T12:40:27","date_gmt":"2021-12-10T12:40:27","guid":{"rendered":"https:\/\/infotorrent.es\/uncategorized\/torrent-organitza-la-setmana-de-la-discapacitat-2021\/"},"modified":"2021-12-10T12:43:07","modified_gmt":"2021-12-10T12:43:07","slug":"torrent-organitza-la-setmana-de-la-discapacitat-2021","status":"publish","type":"post","link":"https:\/\/infotorrent.es\/ca\/noticies\/torrent-organitza-la-setmana-de-la-discapacitat-2021\/","title":{"rendered":"Torrent organitza la Setmana de la Discapacitat 2021"},"content":{"rendered":"<h4 style=\"text-align: center;\"><span style=\"color: #333399;\"><strong>L&#8217;Ajuntament de Torrent en col\u00b7laboraci\u00f3 amb diverses associacions d&#8217;atenci\u00f3 a les persones amb diversitat funcional ha organitzat un programa d&#8217;actes per a conscienciar i informar la ciutadania sobre els programes de suport i ajuda a aquests col\u00b7lectius<\/strong><\/span><\/h4>\n<p>Coincidint amb el Dia Internacional de la Discapacitat, que se celebra anualment el 3 de desembre, l&#8217;\u00e0rea d&#8217;Atenci\u00f3 i Solidaritat de l&#8217;Ajuntament de Torrent ha organitzat la Setmana de la Discapacitat, un programa d&#8217;actes en els quals es presenten diverses activitats, com ara exposicions, xarrades i campanyes de sensibilitzaci\u00f3 i informaci\u00f3, l&#8217;objectiu de les quals \u00e9s donar visibilitat a aquest col\u00b7lectiu de persones que al costat dels seus familiars s&#8217;enfronten di\u00e0riament a una s\u00e8rie d\u2019entrebancs i dificultats que els fan m\u00e9s dif\u00edcil l&#8217;adaptaci\u00f3. \u201cL&#8217;objectiu d&#8217;aquestes jornades \u00e9s conscienciar la ciutadania sobre la situaci\u00f3 i la realitat que viuen les fam\u00edlies amb algun membre amb diversitat funcional i al mateix temps promoure els drets i el benestar d&#8217;aquestes persones, normalitzant i socialitzant aquestes situacions excepcionals\u201d, explica el regidor d&#8217;Atenci\u00f3 i Solidaritat, Jos\u00e9 Antonio\u00a0Castillejo. Per a aix\u00f2, sens dubte, s\u00f3n clau les associacions ciutadanes que s&#8217;ocupen a donar suport tant en la cura com en el desenvolupament personal de les persones amb diversitat funcional i dels seus familiars o cuidadors. Per aquesta ra\u00f3, afig el regidor, \u201cdes del consistori hem cercat la col\u00b7laboraci\u00f3 de totes aquestes associacions perqu\u00e8 amb la seua participaci\u00f3 les pol\u00edtiques d&#8217;ajuda i protecci\u00f3 a les persones amb diversitat funcional siguen tan eficients com a tots ens agradaria\u201d.<\/p>\n<p>Aix\u00ed, aquesta Setmana de la Discapacitat 2021 es va iniciar dilluns passat amb una exposici\u00f3 fotogr\u00e0fica que, sota el t\u00edtol de\u00a0<em>ABD #SinFiltros: Una Mirada Transparente<\/em>, es va presentar a la sala d&#8217;exposicions l\u2019Espai. La Casa de la Dona va acollir el dimarts 30 una xarrada sobre <em>Art amb diversitat funcional<\/em> en la qual el conferenciant convidat, Francisco Javier Planells, membre de l&#8217;Associaci\u00f3 de Pintors amb la Boca i amb el Peu, va exposar davant els assistents la seua carrera de vida i va destacar la import\u00e0ncia d&#8217;unir esfor\u00e7 i tenacitat amb el suport d&#8217;amics, companys i familiars per a superar els reptes personals de cadascun. Per part seua, l&#8217;associaci\u00f3\u00a0Adisto ha organitzat en el mat\u00ed del dia 2 la confer\u00e8ncia <em>Fam\u00edlies amb diversitat funcional: una mirada sist\u00e9mica<\/em>, en la qual la terapeuta M\u00f3nica Fern\u00e1ndez ha compartit algunes din\u00e0miques de treball amb els familiars de persones amb discapacitat, a m\u00e9s d&#8217;introduir alguns conceptes com el de les constel\u00b7lacions familiars i les xarxes de suport.<\/p>\n<p><img fetchpriority=\"high\" decoding=\"async\" class=\"aligncenter wp-image-46445\" src=\"https:\/\/www.infotorrent.es\/wp-content\/uploads\/2021\/12\/211202_Charla-disca-familia_02.jpg\" alt=\"\" width=\"400\" height=\"267\" \/><\/p>\n<p><strong>Dia Internacional de la Discapacitat\u00a0\u00a0\u00a0\u00a0\u00a0<\/strong><\/p>\n<p>El divendres 3 de desembre, el dia central d&#8217;aquesta setmana dedicada a la discapacitat, el programa d&#8217;actes comen\u00e7a amb la lectura d&#8217;un manifest per a defensar els drets de les persones amb diversitat; a les 10.30 h en la pla\u00e7a Uni\u00f3 Musical. El mateix dia, a les 18.30h, s&#8217;ha preparat una activitat de sensibilitzaci\u00f3 ciutadana que, amb el lema \u2018<em>Ponte en su lugar, no en su sitio\u2019<\/em> cerca la complicitat de ve\u00efns i ve\u00efnes amb les persones que viuen amb alguna diversitat funcional. Com a gest de suport i solidaritat, aquest mateix dia s&#8217;il\u00b7luminar\u00e0 l&#8217;edifici de l&#8217;ajuntament.<\/p>\n<p>Finalment, el diumenge dia 5 se celebrar\u00e0 una gala amb motiu del 20 Aniversari d\u2019\u00a0Adisto, l&#8217;associaci\u00f3 de discapacitats de Torrent, un acte de reconeixement que se celebrar\u00e0 en l\u2019\u00a0Auditori Torrent, a les 11.30 h, i que comptar\u00e0 amb aforament limitat, a causa de la situaci\u00f3 sanit\u00e0ria actual, per la qual cosa els qui estiguen interessats a acudir a aquesta gal\u00b7la hauran d&#8217;inscriure&#8217;s a trav\u00e9s de la pr\u00f2pia organitzaci\u00f3 d\u2019Adisto, en l&#8217;adre\u00e7a de correu familias@adisto.org, i fer un donatiu de 5 \u20ac per a aquesta associaci\u00f3.<\/p>\n<p><img decoding=\"async\" class=\"aligncenter wp-image-46449\" src=\"https:\/\/www.infotorrent.es\/wp-content\/uploads\/2021\/12\/211202_Charla-disca-familia_cartel-Semana-discapacidad.jpg\" alt=\"\" width=\"400\" height=\"566\" \/><\/p>\n","protected":false},"excerpt":{"rendered":"<p>L&#8217;Ajuntament de Torrent en col\u00b7laboraci\u00f3 amb diverses associacions d&#8217;atenci\u00f3 a les persones amb diversitat funcional ha organitzat un programa d&#8217;actes per a conscienciar i informar la ciutadania sobre els programes de suport i ajuda a aquests col\u00b7lectius Coincidint amb el Dia Internacional de la Discapacitat, que se celebra anualment el 3 de desembre, l&#8217;\u00e0rea d&#8217;Atenci\u00f3 [&hellip;]<\/p>\n","protected":false},"author":2,"featured_media":14888,"comment_status":"closed","ping_status":"open","sticky":false,"template":"","format":"standard","meta":{"_acf_changed":false,"footnotes":""},"categories":[122,116],"tags":[],"class_list":["post-14886","post","type-post","status-publish","format-standard","has-post-thumbnail","hentry","category-benestar-social","category-noticies"],"acf":[],"_links":{"self":[{"href":"https:\/\/infotorrent.es\/ca\/wp-json\/wp\/v2\/posts\/14886","targetHints":{"allow":["GET"]}}],"collection":[{"href":"https:\/\/infotorrent.es\/ca\/wp-json\/wp\/v2\/posts"}],"about":[{"href":"https:\/\/infotorrent.es\/ca\/wp-json\/wp\/v2\/types\/post"}],"author":[{"embeddable":true,"href":"https:\/\/infotorrent.es\/ca\/wp-json\/wp\/v2\/users\/2"}],"replies":[{"embeddable":true,"href":"https:\/\/infotorrent.es\/ca\/wp-json\/wp\/v2\/comments?post=14886"}],"version-history":[{"count":0,"href":"https:\/\/infotorrent.es\/ca\/wp-json\/wp\/v2\/posts\/14886\/revisions"}],"wp:featuredmedia":[{"embeddable":true,"href":"https:\/\/infotorrent.es\/ca\/wp-json\/wp\/v2\/media\/14888"}],"wp:attachment":[{"href":"https:\/\/infotorrent.es\/ca\/wp-json\/wp\/v2\/media?parent=14886"}],"wp:term":[{"taxonomy":"category","embeddable":true,"href":"https:\/\/infotorrent.es\/ca\/wp-json\/wp\/v2\/categories?post=14886"},{"taxonomy":"post_tag","embeddable":true,"href":"https:\/\/infotorrent.es\/ca\/wp-json\/wp\/v2\/tags?post=14886"}],"curies":[{"name":"wp","href":"https:\/\/api.w.org\/{rel}","templated":true}]}}