{"id":14883,"date":"2021-12-10T12:32:12","date_gmt":"2021-12-10T12:32:12","guid":{"rendered":"https:\/\/infotorrent.es\/uncategorized\/torrent-impulsa-la-decoracio-i-illuminacio-de-la-ciutat-amb-la-segona-campanya-balcons-de-nadal\/"},"modified":"2021-12-10T12:32:12","modified_gmt":"2021-12-10T12:32:12","slug":"torrent-impulsa-la-decoracio-i-illuminacio-de-la-ciutat-amb-la-segona-campanya-balcons-de-nadal","status":"publish","type":"post","link":"https:\/\/infotorrent.es\/ca\/festes-i-tradicions-2\/torrent-impulsa-la-decoracio-i-illuminacio-de-la-ciutat-amb-la-segona-campanya-balcons-de-nadal\/","title":{"rendered":"Torrent impulsa la decoraci\u00f3 i il\u2022luminaci\u00f3 de la ciutat amb la segona campanya \u201cBalcons de Nadal\u201d"},"content":{"rendered":"<h4 style=\"text-align: center;\"><span style=\"color: #333399;\"><strong>L&#8217;objectiu d&#8217;aquesta iniciativa \u00e9s consolidar la primera edici\u00f3, contribuir a l&#8217;est\u00edmul del comer\u00e7 local, fomentar les activitats entre xiquets i majors i embellir els barris de la ciutat<\/strong><\/span><\/h4>\n<p>L&#8217;Ajuntament de Torrent llan\u00e7a la segona campanya \u2018Balcons de Nadal\u2019, una iniciativa per a promoure la participaci\u00f3 ciutadana en la decoraci\u00f3 i il\u00b7luminaci\u00f3 nadalenca. \u00c9s una col\u00b7laboraci\u00f3 del consistori amb IDEA\u2019T, amb la doble intenci\u00f3 de \u201ccrear una atmosfera que incite a pares i fills a embellir el seu barri i, a m\u00e9s, donar suport al xicotet comer\u00e7, fent que la il\u00b7luminaci\u00f3 municipal tinga m\u00e9s sentit per a tots i que la ciutat senta el Nadal\u201d, explica el regidor de Ciutadania, J. Pascual Mart\u00ednez. L&#8217;Ajuntament ha cercat a m\u00e9s la complicitat del col\u00b7lectiu faller, associacions ciutadanes, empreses i altres entitats de la ciutat perqu\u00e8 difonguen i donen visibilitat al projecte.<\/p>\n<p>\u2018Balcons de Nadal\u2019 pret\u00e9n, aix\u00ed, estimular la creativitat dels ciutadans perqu\u00e8 decoren o il\u00b7luminen el seu balc\u00f3 \u2013casa, planta baixa, fa\u00e7ana, etc.- amb motius nadalencs d&#8217;estil lliure, de manera que la seua decoraci\u00f3 complemente el projecte d&#8217;il\u00b7luminaci\u00f3 municipal. Aix\u00ed mateix, l&#8217;empresa municipal IDEA\u2019T, dins de la seua campanya \u2018100%\u00a0amb el\u00a0comer\u00e7 de Torrent\u2019, se suma a aquesta iniciativa i concedir\u00e0 vint \u201ctargetes +25\u201d, de 100 euros cadascuna, per als vint balcons amb m\u00e9s \u2018m&#8217;agrada\u2019 en el Facebook de l&#8217;Ajuntament.<\/p>\n<p>Per a participar en aquesta campanya s&#8217;ha d&#8217;enviar una foto del balc\u00f3 decorat al correu balconsnadal@torrent.es abans de les 23.59 hores del dia 22 de desembre. El missatge tamb\u00e9 haur\u00e0 d&#8217;incloure el nom de l&#8217;autor, el t\u00edtol del balc\u00f3 i una breu explicaci\u00f3 que indique per qu\u00e8 hauria de ser votat.<\/p>\n<p>Seguidament, les imatges seran publicades en el compte oficial de Facebook de l&#8217;Ajuntament, on es comptabilitzaran els \u2018m&#8217;agrada\u2019 que tinga cadascuna d&#8217;elles, fins a les 23:59h del 3 de gener de 2021, per a determinar els vint triats. Es recomana que cada participant compartisca en el seu mur la publicaci\u00f3 del mur de l&#8217;Ajuntament en la qual apareix el seu balc\u00f3. Finalment, el 5 de gener es donaran a con\u00e8ixer els noms de les persones, fam\u00edlies o empreses premiades, als qui se&#8217;ls obsequiar\u00e0 amb una targeta +25, carregada amb 100 euros per a comprar en el comer\u00e7 local.<\/p>\n<p><img fetchpriority=\"high\" decoding=\"async\" class=\"aligncenter wp-image-46438\" src=\"https:\/\/www.infotorrent.es\/wp-content\/uploads\/2021\/12\/211202_campa\u00f1a-balcons-de-nadal_redes.png\" alt=\"\" width=\"400\" height=\"400\" \/><\/p>\n","protected":false},"excerpt":{"rendered":"<p>L&#8217;objectiu d&#8217;aquesta iniciativa \u00e9s consolidar la primera edici\u00f3, contribuir a l&#8217;est\u00edmul del comer\u00e7 local, fomentar les activitats entre xiquets i majors i embellir els barris de la ciutat L&#8217;Ajuntament de Torrent llan\u00e7a la segona campanya \u2018Balcons de Nadal\u2019, una iniciativa per a promoure la participaci\u00f3 ciutadana en la decoraci\u00f3 i il\u00b7luminaci\u00f3 nadalenca. \u00c9s una col\u00b7laboraci\u00f3 [&hellip;]<\/p>\n","protected":false},"author":2,"featured_media":14885,"comment_status":"closed","ping_status":"open","sticky":false,"template":"","format":"standard","meta":{"_acf_changed":false,"footnotes":""},"categories":[156],"tags":[],"class_list":["post-14883","post","type-post","status-publish","format-standard","has-post-thumbnail","hentry","category-festes-i-tradicions-2"],"acf":[],"_links":{"self":[{"href":"https:\/\/infotorrent.es\/ca\/wp-json\/wp\/v2\/posts\/14883","targetHints":{"allow":["GET"]}}],"collection":[{"href":"https:\/\/infotorrent.es\/ca\/wp-json\/wp\/v2\/posts"}],"about":[{"href":"https:\/\/infotorrent.es\/ca\/wp-json\/wp\/v2\/types\/post"}],"author":[{"embeddable":true,"href":"https:\/\/infotorrent.es\/ca\/wp-json\/wp\/v2\/users\/2"}],"replies":[{"embeddable":true,"href":"https:\/\/infotorrent.es\/ca\/wp-json\/wp\/v2\/comments?post=14883"}],"version-history":[{"count":0,"href":"https:\/\/infotorrent.es\/ca\/wp-json\/wp\/v2\/posts\/14883\/revisions"}],"wp:featuredmedia":[{"embeddable":true,"href":"https:\/\/infotorrent.es\/ca\/wp-json\/wp\/v2\/media\/14885"}],"wp:attachment":[{"href":"https:\/\/infotorrent.es\/ca\/wp-json\/wp\/v2\/media?parent=14883"}],"wp:term":[{"taxonomy":"category","embeddable":true,"href":"https:\/\/infotorrent.es\/ca\/wp-json\/wp\/v2\/categories?post=14883"},{"taxonomy":"post_tag","embeddable":true,"href":"https:\/\/infotorrent.es\/ca\/wp-json\/wp\/v2\/tags?post=14883"}],"curies":[{"name":"wp","href":"https:\/\/api.w.org\/{rel}","templated":true}]}}