{"id":14874,"date":"2021-12-01T13:53:42","date_gmt":"2021-12-01T13:53:42","guid":{"rendered":"https:\/\/infotorrent.es\/uncategorized\/el-poble-de-torrent-tindra-la-seua-propia-reial-senyera\/"},"modified":"2021-12-01T13:52:01","modified_gmt":"2021-12-01T13:52:01","slug":"el-poble-de-torrent-tindra-la-seua-propia-reial-senyera","status":"publish","type":"post","link":"https:\/\/infotorrent.es\/ca\/noticies\/el-poble-de-torrent-tindra-la-seua-propia-reial-senyera\/","title":{"rendered":"El poble de Torrent tindr\u00e0 la seua pr\u00f2pia Reial Senyera"},"content":{"rendered":"<h4 style=\"text-align: center;\" align=\"center\"><span style=\"color: #333399;\"><b><span lang=\"CA\" style=\"font-size: 16pt; font-family: Arial;\">La Junta de Govern aprova el projecte de la Senyera de Torrent amb motiu del 28N, Dia de la Carta de\u00a0Poblament<\/span><\/b><\/span><\/h4>\n<p class=\"NormalArial\"><span lang=\"CA\">El diumenge 28 de novembre, dia en qu\u00e8 es commemora l&#8217;atorgament de la carta de\u00a0poblament de Torrent a les primeres fam\u00edlies de pobladors, l&#8217;equip de govern de l&#8217;Ajuntament de Torrent, en una junta de govern extraordin\u00e0ria a la qual van acudir els portaveus dels grups pol\u00edtics amb representaci\u00f3 municipal aix\u00ed com el cronista oficial de Torrent, Jos\u00e9 Royo Mart\u00ednez, va aprovar el projecte de creaci\u00f3 d&#8217;una\u00a0Reial Senyera per a la ciutat, tal com anunciara l&#8217;alcalde Jes\u00fas Ros en les celebracions del passat Nou d\u2019Octubre.<\/span><\/p>\n<p class=\"NormalArial\"><span lang=\"CA\">A partir d&#8217;aquest moment, es crear\u00e0 una comissi\u00f3 de treball per a encarregar les tasques tradicionals del projecte \u201cEnvoltant l\u2019ess\u00e8ncia d\u2019un poble\u201d, d&#8217;acord amb les especificacions i mitjans establits, per a donar forma a una ensenya pr\u00f2pia per a Torrent. D&#8217;igual manera es tramitar\u00e0 la documentaci\u00f3 pels mitjans pertinents per a donar trasllat a les generacions futures de la voluntat de l&#8217;Ajuntament de Torrent i del conjunt del poble torrent\u00ed en l&#8217;elaboraci\u00f3 d&#8217;aquesta ensenya.<\/span><\/p>\n<p class=\"NormalArial\"><span lang=\"CA\">Segons consta en el text del projecte aprovat, \u201cla ciutat de Torrent ha demostrat el seu comprom\u00eds ferm amb les tradicions i ensenyes del poble valenci\u00e0 al llarg de la seua hist\u00f2ria i aix\u00ed continua fent-ho. Aquest comprom\u00eds adquirit pel fet de compartir amb la resta de pobles i ciutats uns elements comuns que ens identifiquen com a poble, una llengua, una hist\u00f2ria i un sentiment compartits, ens fa posar de manifest la necessitat de donar-li m\u00e9s relleu, si aix\u00f2 \u00e9s possible, des de l&#8217;Ajuntament de Torrent.<\/span><\/p>\n<p class=\"NormalArial\"><span lang=\"CA\">En un temps tan dif\u00edcil com el que estem vivint, cal recordar que l&#8217;esperan\u00e7a i la unitat es construeixen a trav\u00e9s de l&#8217;esfor\u00e7 i la il\u00b7lusi\u00f3 de la gent, que es reuneix al voltant dels nostres s\u00edmbols en l&#8217;hora de reivindicar-se com a valencians i valencianes\u201d.<\/span><\/p>\n<p class=\"NormalArial\"><span lang=\"CA\">L&#8217;alcalde Jes\u00fas Ros ha expressat \u201cl&#8217;agra\u00efment m\u00e9s sincer a la falla de la\u00a0Pla\u00e7a per la seua generositat de cedir durant tants anys la seua Senyera, un element hist\u00f2ric i amb un important valor sentimental per a la ciutat\u201d. D&#8217;igual manera ha apuntat que la voluntat de l&#8217;Ajuntament \u00e9s que el Nou d\u2019Octubre de 2022, \u201cels torrentins i torrentines ens reunim al voltant d&#8217;una nova ensenya en la process\u00f3 c\u00edvica, i que aquesta passe a formar part del nostre patrimoni compartit, com a s\u00edmbol del nostre car\u00e0cter com a poble torrent\u00ed i valenci\u00e0, en reconeixement de la nostra singularitat i arreplegant les nostres tradicions i elements propis\u201d.<\/span><\/p>\n<p>&nbsp;<\/p>\n<p><img fetchpriority=\"high\" decoding=\"async\" class=\"aligncenter wp-image-46414\" src=\"https:\/\/www.infotorrent.es\/wp-content\/uploads\/2021\/12\/211130_senyera_Reial-senyera-1-scaled.jpg\" alt=\"\" width=\"400\" height=\"267\" \/><\/p>\n","protected":false},"excerpt":{"rendered":"<p>La Junta de Govern aprova el projecte de la Senyera de Torrent amb motiu del 28N, Dia de la Carta de\u00a0Poblament El diumenge 28 de novembre, dia en qu\u00e8 es commemora l&#8217;atorgament de la carta de\u00a0poblament de Torrent a les primeres fam\u00edlies de pobladors, l&#8217;equip de govern de l&#8217;Ajuntament de Torrent, en una junta de [&hellip;]<\/p>\n","protected":false},"author":2,"featured_media":14876,"comment_status":"closed","ping_status":"open","sticky":false,"template":"","format":"standard","meta":{"_acf_changed":false,"footnotes":""},"categories":[117,156,116],"tags":[],"class_list":["post-14874","post","type-post","status-publish","format-standard","has-post-thumbnail","hentry","category-cultura","category-festes-i-tradicions-2","category-noticies"],"acf":[],"_links":{"self":[{"href":"https:\/\/infotorrent.es\/ca\/wp-json\/wp\/v2\/posts\/14874","targetHints":{"allow":["GET"]}}],"collection":[{"href":"https:\/\/infotorrent.es\/ca\/wp-json\/wp\/v2\/posts"}],"about":[{"href":"https:\/\/infotorrent.es\/ca\/wp-json\/wp\/v2\/types\/post"}],"author":[{"embeddable":true,"href":"https:\/\/infotorrent.es\/ca\/wp-json\/wp\/v2\/users\/2"}],"replies":[{"embeddable":true,"href":"https:\/\/infotorrent.es\/ca\/wp-json\/wp\/v2\/comments?post=14874"}],"version-history":[{"count":0,"href":"https:\/\/infotorrent.es\/ca\/wp-json\/wp\/v2\/posts\/14874\/revisions"}],"wp:featuredmedia":[{"embeddable":true,"href":"https:\/\/infotorrent.es\/ca\/wp-json\/wp\/v2\/media\/14876"}],"wp:attachment":[{"href":"https:\/\/infotorrent.es\/ca\/wp-json\/wp\/v2\/media?parent=14874"}],"wp:term":[{"taxonomy":"category","embeddable":true,"href":"https:\/\/infotorrent.es\/ca\/wp-json\/wp\/v2\/categories?post=14874"},{"taxonomy":"post_tag","embeddable":true,"href":"https:\/\/infotorrent.es\/ca\/wp-json\/wp\/v2\/tags?post=14874"}],"curies":[{"name":"wp","href":"https:\/\/api.w.org\/{rel}","templated":true}]}}