{"id":14864,"date":"2021-12-01T13:19:41","date_gmt":"2021-12-01T13:19:41","guid":{"rendered":"https:\/\/infotorrent.es\/uncategorized\/torrent-dona-nou-impuls-a-les-activitats-deducacio-mediambiental\/"},"modified":"2021-12-01T13:16:27","modified_gmt":"2021-12-01T13:16:27","slug":"torrent-dona-nou-impuls-a-les-activitats-deducacio-mediambiental","status":"publish","type":"post","link":"https:\/\/infotorrent.es\/ca\/noticies\/torrent-dona-nou-impuls-a-les-activitats-deducacio-mediambiental\/","title":{"rendered":"Torrent dona nou impuls a les activitats d&#8217;educaci\u00f3 mediambiental"},"content":{"rendered":"<h4><span style=\"color: #333399;\"><strong>El programa d&#8217;activitats del mes del medi ambient mostra alguns racons de la serra\u00a0de Perenxisa i la Pedrera en una ruta i excursi\u00f3 pels espais naturals de la ciutat<\/strong><\/span><\/h4>\n<p>L&#8217;Ajuntament de Torrent, per mitj\u00e0 de la seua regidoria de Medi Ambient, ha apostat en la seua pol\u00edtica de protecci\u00f3 mediambiental per impulsar un programa d&#8217;activitats educatives l&#8217;objectiu de les quals \u00e9s la conservaci\u00f3 dels espais naturals i, principalment, la divulgaci\u00f3 de continguts sobre sostenibilitat, reciclatge i canvi clim\u00e0tic.<\/p>\n<p>En aquesta l\u00ednia s&#8217;emmarca la ruta per la Pedrera que aquest cap de setmana passat ha portat fins all\u00ed un grup de gent interessada a con\u00e9ixer detalls sobre la recuperaci\u00f3 d&#8217;aquest espai natural i els futurs projectes que lliguen aquestes zones verdes al desenvolupament d&#8217;\u00e0rees d&#8217;esplai i d&#8217;activitats a l&#8217;aire lliure. Els voluntaris que van col\u00b7laborar en aquesta activitat van mostrar als assistents com s&#8217;ha dut a terme la restauraci\u00f3 paisatg\u00edstica de la zona recreativa de la Pedrera.<\/p>\n<p><img fetchpriority=\"high\" decoding=\"async\" class=\"aligncenter wp-image-46380\" src=\"https:\/\/www.infotorrent.es\/wp-content\/uploads\/2021\/12\/211129_Excursi\u00f3n_medio-ambiente_ruta_2.jpg\" alt=\"\" width=\"400\" height=\"533\" \/><\/p>\n<p>Aquestes accions formatives de tem\u00e0tica mediambiental van continuar diumenge amb una nova activitat de senderisme reservada per a les persones m\u00e9s preparades, ja que es tractava d&#8217;un recorregut de 8 km per la muntanya, amb pendents, barrancs i desnivells molt accentuats que feien d&#8217;aquesta una ruta de certa complexitat. Eixien des de l&#8217;\u00e0rea recreativa de la Pedrera, van rec\u00f3rrer part de la ruta PR-CV-162 fins a arribar a la zona del barranc de Soterranya, on es completava el trajecte d&#8217;aquest passeig dominical.<\/p>\n<p>&nbsp;<\/p>\n<p><img decoding=\"async\" class=\"aligncenter wp-image-46382\" src=\"https:\/\/www.infotorrent.es\/wp-content\/uploads\/2021\/12\/211129_Excursi\u00f3n_medio-ambiente_ruta_3.jpg\" alt=\"\" width=\"400\" height=\"300\" \/><\/p>\n","protected":false},"excerpt":{"rendered":"<p>El programa d&#8217;activitats del mes del medi ambient mostra alguns racons de la serra\u00a0de Perenxisa i la Pedrera en una ruta i excursi\u00f3 pels espais naturals de la ciutat L&#8217;Ajuntament de Torrent, per mitj\u00e0 de la seua regidoria de Medi Ambient, ha apostat en la seua pol\u00edtica de protecci\u00f3 mediambiental per impulsar un programa d&#8217;activitats [&hellip;]<\/p>\n","protected":false},"author":2,"featured_media":14866,"comment_status":"closed","ping_status":"open","sticky":false,"template":"","format":"standard","meta":{"_acf_changed":false,"footnotes":""},"categories":[123,138,116],"tags":[],"class_list":["post-14864","post","type-post","status-publish","format-standard","has-post-thumbnail","hentry","category-joventut-i-esports","category-medio-ambiente-2","category-noticies"],"acf":[],"_links":{"self":[{"href":"https:\/\/infotorrent.es\/ca\/wp-json\/wp\/v2\/posts\/14864","targetHints":{"allow":["GET"]}}],"collection":[{"href":"https:\/\/infotorrent.es\/ca\/wp-json\/wp\/v2\/posts"}],"about":[{"href":"https:\/\/infotorrent.es\/ca\/wp-json\/wp\/v2\/types\/post"}],"author":[{"embeddable":true,"href":"https:\/\/infotorrent.es\/ca\/wp-json\/wp\/v2\/users\/2"}],"replies":[{"embeddable":true,"href":"https:\/\/infotorrent.es\/ca\/wp-json\/wp\/v2\/comments?post=14864"}],"version-history":[{"count":0,"href":"https:\/\/infotorrent.es\/ca\/wp-json\/wp\/v2\/posts\/14864\/revisions"}],"wp:featuredmedia":[{"embeddable":true,"href":"https:\/\/infotorrent.es\/ca\/wp-json\/wp\/v2\/media\/14866"}],"wp:attachment":[{"href":"https:\/\/infotorrent.es\/ca\/wp-json\/wp\/v2\/media?parent=14864"}],"wp:term":[{"taxonomy":"category","embeddable":true,"href":"https:\/\/infotorrent.es\/ca\/wp-json\/wp\/v2\/categories?post=14864"},{"taxonomy":"post_tag","embeddable":true,"href":"https:\/\/infotorrent.es\/ca\/wp-json\/wp\/v2\/tags?post=14864"}],"curies":[{"name":"wp","href":"https:\/\/api.w.org\/{rel}","templated":true}]}}