{"id":14852,"date":"2021-11-30T13:51:14","date_gmt":"2021-11-30T13:51:14","guid":{"rendered":"https:\/\/infotorrent.es\/uncategorized\/jaume-ballester-campio-despana-enduro-85cc-en-2020-visita-lalcalde-de-torrent\/"},"modified":"2021-11-30T13:49:39","modified_gmt":"2021-11-30T13:49:39","slug":"jaume-ballester-campio-despana-enduro-85cc-en-2020-visita-lalcalde-de-torrent","status":"publish","type":"post","link":"https:\/\/infotorrent.es\/ca\/noticies\/jaume-ballester-campio-despana-enduro-85cc-en-2020-visita-lalcalde-de-torrent\/","title":{"rendered":"Jaume Ballester, campi\u00f3 d&#8217;Espa\u00f1a Enduro 85cc en 2020, visita l&#8217;alcalde de Torrent"},"content":{"rendered":"<h4 style=\"text-align: center;\"><span style=\"color: #000080;\"><strong>El jove pilot\u00a0torrent\u00ed va parlar amb el primer edil sobre els nous projectes que iniciar\u00e0 de cara al 2022<\/strong><\/span><\/h4>\n<p>El jove pilot\u00a0torrent\u00ed Jaume Ballester es va reunir ahir amb l&#8217;alcalde Jes\u00fas Ros i la regidora d&#8217;Esports,\u00a0Susi Ferrer. El campi\u00f3 d&#8217;Espanya d\u2019Enduro de 2020, acompanyat per la mare i el seu representant, els va parlar dels seus nous projectes per a l&#8217;any vinent i va portar com a regal per a l\u2019alcalde un quadre amb fotos de les competicions on ha participat.<\/p>\n<p>Amb poc m\u00e9s de catorze anys, el campi\u00f3 d&#8217;Espanya d\u2019Enduro Infantil pot presumir d&#8217;un envejable palmar\u00e9s: campi\u00f3 de\u00a0Motodes,\u00a0subcampi\u00f3 Comunitat Valenciana de Motocr\u00f2s 85 cc, campi\u00f3 Comunitat Valenciana d\u2019Enduro 85 cc i campi\u00f3 d&#8217;Espanya\u00a0Enduro 85 cc. Per\u00f2 aix\u00f2 no impedeix que, tal com va comentar amb l&#8217;alcalde, pretenga fer el salt a les seg\u00fcents categories.<br \/>\nCom a pilot oficial de\u00a0Rieju, amb moto de 250 cc, participar\u00e0 en el campionat d&#8217;Espanya de\u00a0Motodes i\u00a0Cros\u00a0Country. A m\u00e9s, ha sigut seleccionat per l&#8217;equip de la Federaci\u00f3 Valenciana de Motociclisme per a representar la seua federaci\u00f3 en el pr\u00f2xim campionat d&#8217;Espanya de\u00a0Pequenduro, on participar\u00e0 amb una\u00a0GasGas de 125 cc. I representant tamb\u00e9 la Comunitat, l&#8217;any vinent participar\u00e0 en el campionat de Motocr\u00f2s de 125\u00a0MX.<\/p>\n<p>\u201cPer a mi, \u00e9s un orgull, com\u00a0a torrent\u00ed, passejar el nom de la meua ciutat per tota la geografia espanyola i intentar deixar sempre ben alt el llist\u00f3 de les meues marques, pujant al podi en cada carrera\u201d, va comentar el campi\u00f3.<br \/>\nJes\u00fas Ros, per part seua, va animar el jove \u201ca continuar esfor\u00e7ant-te en la teua especialitat esportiva i tamb\u00e9 en els teus estudis. I et desitge molta sort i grans \u00e8xits per a les pr\u00f2ximes competicions\u201d, va concloure l&#8217;alcalde.<\/p>\n<p><img fetchpriority=\"high\" decoding=\"async\" class=\"aligncenter wp-image-46352\" src=\"https:\/\/www.infotorrent.es\/wp-content\/uploads\/2021\/11\/211125_JBallester_piloto-motocross.jpeg\" alt=\"\" width=\"600\" height=\"396\" \/><\/p>\n<p><img decoding=\"async\" class=\"aligncenter wp-image-46354\" src=\"https:\/\/www.infotorrent.es\/wp-content\/uploads\/2021\/11\/211125_JBallester_visita_2-scaled.jpg\" alt=\"\" width=\"600\" height=\"284\" \/><\/p>\n","protected":false},"excerpt":{"rendered":"<p>El jove pilot\u00a0torrent\u00ed va parlar amb el primer edil sobre els nous projectes que iniciar\u00e0 de cara al 2022 El jove pilot\u00a0torrent\u00ed Jaume Ballester es va reunir ahir amb l&#8217;alcalde Jes\u00fas Ros i la regidora d&#8217;Esports,\u00a0Susi Ferrer. El campi\u00f3 d&#8217;Espanya d\u2019Enduro de 2020, acompanyat per la mare i el seu representant, els va parlar dels [&hellip;]<\/p>\n","protected":false},"author":2,"featured_media":14854,"comment_status":"closed","ping_status":"open","sticky":false,"template":"","format":"standard","meta":{"_acf_changed":false,"footnotes":""},"categories":[123,116],"tags":[],"class_list":["post-14852","post","type-post","status-publish","format-standard","has-post-thumbnail","hentry","category-joventut-i-esports","category-noticies"],"acf":[],"_links":{"self":[{"href":"https:\/\/infotorrent.es\/ca\/wp-json\/wp\/v2\/posts\/14852","targetHints":{"allow":["GET"]}}],"collection":[{"href":"https:\/\/infotorrent.es\/ca\/wp-json\/wp\/v2\/posts"}],"about":[{"href":"https:\/\/infotorrent.es\/ca\/wp-json\/wp\/v2\/types\/post"}],"author":[{"embeddable":true,"href":"https:\/\/infotorrent.es\/ca\/wp-json\/wp\/v2\/users\/2"}],"replies":[{"embeddable":true,"href":"https:\/\/infotorrent.es\/ca\/wp-json\/wp\/v2\/comments?post=14852"}],"version-history":[{"count":0,"href":"https:\/\/infotorrent.es\/ca\/wp-json\/wp\/v2\/posts\/14852\/revisions"}],"wp:featuredmedia":[{"embeddable":true,"href":"https:\/\/infotorrent.es\/ca\/wp-json\/wp\/v2\/media\/14854"}],"wp:attachment":[{"href":"https:\/\/infotorrent.es\/ca\/wp-json\/wp\/v2\/media?parent=14852"}],"wp:term":[{"taxonomy":"category","embeddable":true,"href":"https:\/\/infotorrent.es\/ca\/wp-json\/wp\/v2\/categories?post=14852"},{"taxonomy":"post_tag","embeddable":true,"href":"https:\/\/infotorrent.es\/ca\/wp-json\/wp\/v2\/tags?post=14852"}],"curies":[{"name":"wp","href":"https:\/\/api.w.org\/{rel}","templated":true}]}}