{"id":14849,"date":"2021-11-30T13:45:56","date_gmt":"2021-11-30T13:45:56","guid":{"rendered":"https:\/\/infotorrent.es\/uncategorized\/dana-gynther-presenta-la-seua-ultima-novella-els-banys-de-lalmirall\/"},"modified":"2021-11-30T13:47:22","modified_gmt":"2021-11-30T13:47:22","slug":"dana-gynther-presenta-la-seua-ultima-novella-els-banys-de-lalmirall","status":"publish","type":"post","link":"https:\/\/infotorrent.es\/ca\/noticies\/dana-gynther-presenta-la-seua-ultima-novella-els-banys-de-lalmirall\/","title":{"rendered":"Dana Gynther presenta la seua \u00faltima novel\u2022la, Els banys de l\u2019Almirall"},"content":{"rendered":"<h4 style=\"text-align: center;\"><span style=\"color: #000080;\"><strong>La sala c\u00edvica de l\u2019\u00a0Antic\u00a0Mercat va acollir una trobada en la qual autora i lectors van comentar l&#8217;\u00faltima novel\u00b7la de l&#8217;estatunidenca<\/strong><\/span><\/h4>\n<p>La sala c\u00edvica de l\u2019\u00a0Antic\u00a0Mercat va acollir dissabte passat una sessi\u00f3 matinal del certamen de narrativa Torrent\u00a0Hist\u00f2rica, que va presentar als lectors aficionats al g\u00e8nere hist\u00f2ric l&#8217;\u00faltima novel\u00b7la de l&#8217;autora estatunidenca,\u00a0<em>Els\u00a0banys de l\u2019\u00a0Almirall<\/em>, en una traducci\u00f3 de Laia Vilanova.<\/p>\n<p>Amb un rerefons\u00a0hist\u00f2ric que serveix d&#8217;escenari per a desenvolupar la l\u00ednia narrativa de la novel\u00b7la, l&#8217;autora desplega els seus coneixements sobre la influ\u00e8ncia de la cultura musulmana en els h\u00e0bits d&#8217;higiene dels pobladors durant l&#8217;edat mitjana.<\/p>\n<p>Especialista en temes d&#8217;hist\u00f2ria dels cosm\u00e8tics i dels usos higi\u00e8nics en les cultures cl\u00e0ssiques,\u00a0Dana\u00a0Gynther ens parla de com un costum arrelat en la cultura musulmana, els banys p\u00fablics, va canviar la idea local sobre aquest tipus d&#8217;instal\u00b7lacions despr\u00e9s de l&#8217;expulsi\u00f3 de musulmans i jueus. I com a punt de partida per a la narraci\u00f3, l&#8217;autora recorre a un antic\u00a0<em>hammam<\/em> que va visitar l&#8217;\u00faltima vegada que va estar a Val\u00e8ncia, els Banys de l&#8217;Almirall.<\/p>\n<p><img fetchpriority=\"high\" decoding=\"async\" class=\"aligncenter wp-image-46347\" src=\"https:\/\/www.infotorrent.es\/wp-content\/uploads\/2021\/11\/211125_club-lectura-Ba\u00f1os-del-Almirante_3.jpg\" alt=\"\" width=\"600\" height=\"400\" \/><\/p>\n","protected":false},"excerpt":{"rendered":"<p>La sala c\u00edvica de l\u2019\u00a0Antic\u00a0Mercat va acollir una trobada en la qual autora i lectors van comentar l&#8217;\u00faltima novel\u00b7la de l&#8217;estatunidenca La sala c\u00edvica de l\u2019\u00a0Antic\u00a0Mercat va acollir dissabte passat una sessi\u00f3 matinal del certamen de narrativa Torrent\u00a0Hist\u00f2rica, que va presentar als lectors aficionats al g\u00e8nere hist\u00f2ric l&#8217;\u00faltima novel\u00b7la de l&#8217;autora estatunidenca,\u00a0Els\u00a0banys de l\u2019\u00a0Almirall, en [&hellip;]<\/p>\n","protected":false},"author":2,"featured_media":14851,"comment_status":"closed","ping_status":"open","sticky":false,"template":"","format":"standard","meta":{"_acf_changed":false,"footnotes":""},"categories":[117,116],"tags":[],"class_list":["post-14849","post","type-post","status-publish","format-standard","has-post-thumbnail","hentry","category-cultura","category-noticies"],"acf":[],"_links":{"self":[{"href":"https:\/\/infotorrent.es\/ca\/wp-json\/wp\/v2\/posts\/14849","targetHints":{"allow":["GET"]}}],"collection":[{"href":"https:\/\/infotorrent.es\/ca\/wp-json\/wp\/v2\/posts"}],"about":[{"href":"https:\/\/infotorrent.es\/ca\/wp-json\/wp\/v2\/types\/post"}],"author":[{"embeddable":true,"href":"https:\/\/infotorrent.es\/ca\/wp-json\/wp\/v2\/users\/2"}],"replies":[{"embeddable":true,"href":"https:\/\/infotorrent.es\/ca\/wp-json\/wp\/v2\/comments?post=14849"}],"version-history":[{"count":0,"href":"https:\/\/infotorrent.es\/ca\/wp-json\/wp\/v2\/posts\/14849\/revisions"}],"wp:featuredmedia":[{"embeddable":true,"href":"https:\/\/infotorrent.es\/ca\/wp-json\/wp\/v2\/media\/14851"}],"wp:attachment":[{"href":"https:\/\/infotorrent.es\/ca\/wp-json\/wp\/v2\/media?parent=14849"}],"wp:term":[{"taxonomy":"category","embeddable":true,"href":"https:\/\/infotorrent.es\/ca\/wp-json\/wp\/v2\/categories?post=14849"},{"taxonomy":"post_tag","embeddable":true,"href":"https:\/\/infotorrent.es\/ca\/wp-json\/wp\/v2\/tags?post=14849"}],"curies":[{"name":"wp","href":"https:\/\/api.w.org\/{rel}","templated":true}]}}