{"id":14843,"date":"2021-11-30T13:34:04","date_gmt":"2021-11-30T13:34:04","guid":{"rendered":"https:\/\/infotorrent.es\/uncategorized\/torrent-concedeix-els-x-premis-carta-de-poblament\/"},"modified":"2021-11-30T13:31:55","modified_gmt":"2021-11-30T13:31:55","slug":"torrent-concedeix-els-x-premis-carta-de-poblament","status":"publish","type":"post","link":"https:\/\/infotorrent.es\/ca\/noticies\/torrent-concedeix-els-x-premis-carta-de-poblament\/","title":{"rendered":"Torrent concedeix els X Premis Carta de Poblament"},"content":{"rendered":"<h4 style=\"text-align: center;\"><span style=\"color: #000080;\"><strong>Octavio Romero\u00a0Ferraro, Jos\u00e9 Manuel\u00a0Almerich Silla, l&#8217;Escola de Persones Adultes i el Torrent\u00a0CF seran distingits per la seua traject\u00f2ria professional i la seua contribuci\u00f3 al desenvolupament de la ciutat<\/strong><\/span><\/h4>\n<p>L&#8217;Ajuntament de Torrent ha organitzat una jornada d&#8217;actes amb motiu del 28 de novembre, data en qu\u00e8 es commemora l&#8217;atorgament de la carta de\u00a0poblament a la ciutat de Torrent.<\/p>\n<p>Aix\u00ed, diumenge tindr\u00e0 lloc la gala de lliurament de la desena edici\u00f3 dels Premis Carta de\u00a0Poblament, uns guardons que reconeixen el treball, dedicaci\u00f3, esfor\u00e7 i traject\u00f2ria de\u00a0torrentins i\u00a0torrentines en diferents \u00e0mbits, i que s\u00f3n consensuats per un jurat compost de personalitats de la societat\u00a0torrentina, com ara Jos\u00e9\u00a0Ort\u00ed Soriano, president del jurat, Manuel Herreros, <em>Champi<\/em>, Sacramento Rodr\u00edguez, Vicente Carratal\u00e0, Jos\u00e9 Hern\u00e1ndez Yago, Alicia Salvador, Amparo Fandos i el cronista oficial de Torrent i secretari del jurat, Jos\u00e9 Royo. \u201cEls Premis Carta de\u00a0Poblament reconeixen p\u00fablicament els m\u00e8rits de\u00a0torrentines i\u00a0torrentins que amb el seu esfor\u00e7 contribueixen a l&#8217;avan\u00e7 i desenvolupament social i recau, directament i indirecta, en la millora del benestar de la poblaci\u00f3\u201d, ha expressat l&#8217;alcalde Jes\u00fas Ros.<\/p>\n<p>En aquesta ocasi\u00f3 es reconeix la tasca d&#8217;ambaixadors que fan al club de futbol centenari de la ciutat, el Torrent\u00a0CF, que rebr\u00e0 el seu guard\u00f3 en la categoria d\u2019Arts i esports, per contribuir a la creaci\u00f3 d&#8217;una imatge de prestigi vinculada al nom de la ciutat. Aix\u00ed mateix, ser\u00e0 distingit pel seu treball en Ci\u00e8ncia i tecnologia, el doctor i investigador expert en oncologia,\u00a0Octavio Romero\u00a0Ferraro, responsable d&#8217;importants investigacions contra el c\u00e0ncer. L&#8217;Escola d&#8217;Adults de Torrent rep enguany el premi en la modalitat de Societat i conc\u00f2rdia, per ser un model d&#8217;espai creat per a la conviv\u00e8ncia i la integraci\u00f3, on els valors d&#8217;una educaci\u00f3 social compten tant com els continguts que s&#8217;hi imparteixen. Finalment, el reconeixement a una carrera reeixida, tant en la doc\u00e8ncia com en la investigaci\u00f3 sobre la salut bucodental, han fet a Jos\u00e9 Manuel\u00a0Almerich Silla mereixedor d&#8217;aquest premi a tota la seua traject\u00f2ria professional.<\/p>\n<p>La regidora de Cultura,\u00a0Susi Ferrer, ha manifestat que \u201cen aquest reconeixement de m\u00e8rits no compta solament l&#8217;excepcionalitat dels premiats, sin\u00f3 que volem donar un impuls a la divulgaci\u00f3 de l&#8217;origen, les arrels i les motivacions dels valors que ens defineixen com un poble din\u00e0mic i mantenen viva la nostra hist\u00f2ria\u201d.<\/p>\n<p>La cerim\u00f2nia de lliurament dels premis ser\u00e0 el mat\u00ed de diumenge 28, en l\u2019\u00a0Antic\u00a0Mercat, a partir de les 11 hores i podr\u00e0 ser seguida en directe per\u00a0<em>streaming<\/em> a trav\u00e9s dels comptes oficials de l&#8217;Ajuntament de Facebook i\u00a0Youtube. La jornada es completar\u00e0 amb una actuaci\u00f3 especial d&#8217;unes veus l\u00edriques molt unides a la nostra ciutat, Pascual i Saray, a les 20 hores. La fi de festa arribar\u00e0 a la nit, a les 22 hores, amb un gran castell de focs artificials en el\u00a0Parc Central, a c\u00e0rrec de Pirot\u00e8cnia Zarzoso.<\/p>\n<p><img fetchpriority=\"high\" decoding=\"async\" class=\"aligncenter wp-image-46323\" src=\"https:\/\/www.infotorrent.es\/wp-content\/uploads\/2021\/11\/211124_Premios-Carta-de-Pobalment_Escuela-de-adultos-2-scaled.jpg\" alt=\"\" width=\"600\" height=\"400\" \/><\/p>\n<p><img decoding=\"async\" class=\"aligncenter wp-image-46325\" src=\"https:\/\/www.infotorrent.es\/wp-content\/uploads\/2021\/11\/211124_Premios-Carta-de-Pobalment_jose-manuel-almerich.jpeg\" alt=\"\" width=\"600\" height=\"400\" \/><\/p>\n<p><img decoding=\"async\" class=\"aligncenter wp-image-46327\" src=\"https:\/\/www.infotorrent.es\/wp-content\/uploads\/2021\/11\/211124_Premios-Carta-de-Pobalment_Octavio.jpg\" alt=\"\" width=\"401\" height=\"600\" \/><\/p>\n<p><img loading=\"lazy\" decoding=\"async\" class=\"aligncenter wp-image-46329\" src=\"https:\/\/www.infotorrent.es\/wp-content\/uploads\/2021\/11\/211124_Premios-Carta-de-Pobalment_Taller-restauraci\u00f3-mobles.jpg\" alt=\"\" width=\"600\" height=\"400\" \/><\/p>\n","protected":false},"excerpt":{"rendered":"<p>Octavio Romero\u00a0Ferraro, Jos\u00e9 Manuel\u00a0Almerich Silla, l&#8217;Escola de Persones Adultes i el Torrent\u00a0CF seran distingits per la seua traject\u00f2ria professional i la seua contribuci\u00f3 al desenvolupament de la ciutat L&#8217;Ajuntament de Torrent ha organitzat una jornada d&#8217;actes amb motiu del 28 de novembre, data en qu\u00e8 es commemora l&#8217;atorgament de la carta de\u00a0poblament a la ciutat [&hellip;]<\/p>\n","protected":false},"author":2,"featured_media":14845,"comment_status":"closed","ping_status":"open","sticky":false,"template":"","format":"standard","meta":{"_acf_changed":false,"footnotes":""},"categories":[117,116],"tags":[],"class_list":["post-14843","post","type-post","status-publish","format-standard","has-post-thumbnail","hentry","category-cultura","category-noticies"],"acf":[],"_links":{"self":[{"href":"https:\/\/infotorrent.es\/ca\/wp-json\/wp\/v2\/posts\/14843","targetHints":{"allow":["GET"]}}],"collection":[{"href":"https:\/\/infotorrent.es\/ca\/wp-json\/wp\/v2\/posts"}],"about":[{"href":"https:\/\/infotorrent.es\/ca\/wp-json\/wp\/v2\/types\/post"}],"author":[{"embeddable":true,"href":"https:\/\/infotorrent.es\/ca\/wp-json\/wp\/v2\/users\/2"}],"replies":[{"embeddable":true,"href":"https:\/\/infotorrent.es\/ca\/wp-json\/wp\/v2\/comments?post=14843"}],"version-history":[{"count":0,"href":"https:\/\/infotorrent.es\/ca\/wp-json\/wp\/v2\/posts\/14843\/revisions"}],"wp:featuredmedia":[{"embeddable":true,"href":"https:\/\/infotorrent.es\/ca\/wp-json\/wp\/v2\/media\/14845"}],"wp:attachment":[{"href":"https:\/\/infotorrent.es\/ca\/wp-json\/wp\/v2\/media?parent=14843"}],"wp:term":[{"taxonomy":"category","embeddable":true,"href":"https:\/\/infotorrent.es\/ca\/wp-json\/wp\/v2\/categories?post=14843"},{"taxonomy":"post_tag","embeddable":true,"href":"https:\/\/infotorrent.es\/ca\/wp-json\/wp\/v2\/tags?post=14843"}],"curies":[{"name":"wp","href":"https:\/\/api.w.org\/{rel}","templated":true}]}}