{"id":14831,"date":"2021-11-30T12:36:36","date_gmt":"2021-11-30T12:36:36","guid":{"rendered":"https:\/\/infotorrent.es\/uncategorized\/torrent-baixa-el-telo-de-la-tretzena-edicio-de-la-mostra-de-teatre-amateur\/"},"modified":"2021-11-30T12:34:52","modified_gmt":"2021-11-30T12:34:52","slug":"torrent-baixa-el-telo-de-la-tretzena-edicio-de-la-mostra-de-teatre-amateur","status":"publish","type":"post","link":"https:\/\/infotorrent.es\/ca\/noticies\/torrent-baixa-el-telo-de-la-tretzena-edicio-de-la-mostra-de-teatre-amateur\/","title":{"rendered":"Torrent baixa el tel\u00f3 de la tretzena edici\u00f3 de la mostra de teatre amateur"},"content":{"rendered":"<h4 style=\"text-align: center;\"><strong><span style=\"color: #000080;\"><em>Entre mujeres<\/em> posa el punt final a la<\/span><br \/>\n<span style=\"color: #000080;\">XIII\u00a0Mostra de\u00a0Teatre Amateur Juan Manuel\u00a0Ferraro<\/span><br \/>\n<\/strong><\/h4>\n<p>Com ja \u00e9s habitual en aquest certamen de teatre <em>amateur<\/em>, la clausura de la\u00a0Mostra Juan Manuel\u00a0Ferraro va estar a c\u00e0rrec del grup\u00a0organitzador, Coturno\u00a0Teatre. La vesprada de diumenge es van reunir en l\u2019Auditori de Torrent els directors dels grups de teatre participants i membres de la corporaci\u00f3 municipal amb aficionats i un nombr\u00f3s p\u00fablic que es va acostar a presenciar el lliurament de guardons i a gaudir de l&#8217;\u00faltima funci\u00f3 d&#8217;un certamen que va comen\u00e7ar fa tres setmanes.<\/p>\n<p>P\u00e0nic\u00a0Esc\u00e8nic,\u00a0Atrote Teatre,\u00a0Teatre\u00a0Circ i\u00a0Coturno\u00a0Teatre van ser les quatre agrupacions de teatre<em> amateur<\/em> que han donat vida a la XIII\u00a0Mostra de\u00a0Teatre Amateur Juan Manuel\u00a0Ferraro. Les obres que s\u2019hi van representar i els seus equips t\u00e8cnics i art\u00edstics van rebre un guard\u00f3 de part del consistori, \u201ccom a mostra d&#8217;agra\u00efment per la seua participaci\u00f3 i pel seu paper en el desenvolupament de la cultura\u00a0torrentina\u201d. Aix\u00ed ho va expressar la regidora de Cultura de l&#8217;Ajuntament de Torrent,\u00a0Susi Ferrer, en el discurs de clausura d&#8217;aquesta mostra de teatre aficionat.<\/p>\n<p>La Mostra de Teatre Amateur baixa el tel\u00f3 despr\u00e9s d&#8217;haver-nos fet gaudir de quatre obres durant novembre i desembre: <em>Las\u00a0picard\u00edas de\u00a0Moli\u00e8re<\/em>, de\u00a0P\u00e0nic\u00a0Esc\u00e8nic va ser la pe\u00e7a encarregada d&#8217;inaugurar el certamen. <em>El Quijote en los infiernos<\/em>, muntatge d\u2019Atrote Teatre, d&#8217;Elx, va rec\u00f3rrer al personatge del Quixot per a oferir una com\u00e8dia absurda i dolorosa. <em>La Tortuga de Darwin<\/em>, escrita pel reconegut dramaturg espanyol Juan\u00a0Mayorga, va ser la proposta enginyosa, apassionant i reflexiva portada a escena pel grup\u00a0Teatre\u00a0Circ. I, finalment, <em>Entre mujeres<\/em>, de\u00a0Coturno\u00a0Teatre es va reservar la jornada final com a colof\u00f3 d\u2019aquesta mostra de teatre <em>amateur<\/em>, un referent en el m\u00f3n de l&#8217;espectacle de la Comunitat Valenciana.<\/p>\n<p><img fetchpriority=\"high\" decoding=\"async\" class=\"aligncenter wp-image-46289\" src=\"https:\/\/www.infotorrent.es\/wp-content\/uploads\/2021\/11\/211123_Clausura-mostra_teatre-amateur_4-scaled.jpg\" alt=\"\" width=\"600\" height=\"400\" \/><\/p>\n<p><img decoding=\"async\" class=\"aligncenter wp-image-46291\" src=\"https:\/\/www.infotorrent.es\/wp-content\/uploads\/2021\/11\/211123_Clausura-mostra_teatre-amateur_5-scaled.jpg\" alt=\"\" width=\"600\" height=\"400\" \/><\/p>\n","protected":false},"excerpt":{"rendered":"<p>Entre mujeres posa el punt final a la XIII\u00a0Mostra de\u00a0Teatre Amateur Juan Manuel\u00a0Ferraro Com ja \u00e9s habitual en aquest certamen de teatre amateur, la clausura de la\u00a0Mostra Juan Manuel\u00a0Ferraro va estar a c\u00e0rrec del grup\u00a0organitzador, Coturno\u00a0Teatre. La vesprada de diumenge es van reunir en l\u2019Auditori de Torrent els directors dels grups de teatre participants i [&hellip;]<\/p>\n","protected":false},"author":2,"featured_media":14833,"comment_status":"closed","ping_status":"open","sticky":false,"template":"","format":"standard","meta":{"_acf_changed":false,"footnotes":""},"categories":[117,116],"tags":[],"class_list":["post-14831","post","type-post","status-publish","format-standard","has-post-thumbnail","hentry","category-cultura","category-noticies"],"acf":[],"_links":{"self":[{"href":"https:\/\/infotorrent.es\/ca\/wp-json\/wp\/v2\/posts\/14831","targetHints":{"allow":["GET"]}}],"collection":[{"href":"https:\/\/infotorrent.es\/ca\/wp-json\/wp\/v2\/posts"}],"about":[{"href":"https:\/\/infotorrent.es\/ca\/wp-json\/wp\/v2\/types\/post"}],"author":[{"embeddable":true,"href":"https:\/\/infotorrent.es\/ca\/wp-json\/wp\/v2\/users\/2"}],"replies":[{"embeddable":true,"href":"https:\/\/infotorrent.es\/ca\/wp-json\/wp\/v2\/comments?post=14831"}],"version-history":[{"count":0,"href":"https:\/\/infotorrent.es\/ca\/wp-json\/wp\/v2\/posts\/14831\/revisions"}],"wp:featuredmedia":[{"embeddable":true,"href":"https:\/\/infotorrent.es\/ca\/wp-json\/wp\/v2\/media\/14833"}],"wp:attachment":[{"href":"https:\/\/infotorrent.es\/ca\/wp-json\/wp\/v2\/media?parent=14831"}],"wp:term":[{"taxonomy":"category","embeddable":true,"href":"https:\/\/infotorrent.es\/ca\/wp-json\/wp\/v2\/categories?post=14831"},{"taxonomy":"post_tag","embeddable":true,"href":"https:\/\/infotorrent.es\/ca\/wp-json\/wp\/v2\/tags?post=14831"}],"curies":[{"name":"wp","href":"https:\/\/api.w.org\/{rel}","templated":true}]}}