{"id":14825,"date":"2021-11-30T12:26:00","date_gmt":"2021-11-30T12:26:00","guid":{"rendered":"https:\/\/infotorrent.es\/uncategorized\/la-unio-musical-de-torrent-estrena-nova-seu-i-presenta-la-big-band\/"},"modified":"2021-11-30T12:27:31","modified_gmt":"2021-11-30T12:27:31","slug":"la-unio-musical-de-torrent-estrena-nova-seu-i-presenta-la-big-band","status":"publish","type":"post","link":"https:\/\/infotorrent.es\/ca\/noticies\/la-unio-musical-de-torrent-estrena-nova-seu-i-presenta-la-big-band\/","title":{"rendered":"La Uni\u00f3 Musical de Torrent estrena nova seu i presenta la big band"},"content":{"rendered":"<h4 style=\"text-align: center;\"><strong><span style=\"color: #000080;\">Un projecte dirigit per Kiko Berenguer que s&#8217;obri cam\u00ed en el panorama jazz\u00edstic nacional<\/span><br \/>\n<\/strong><\/h4>\n<p>La festivitat de Santa Cec\u00edlia, patrona dels m\u00fasics, ha obert el calendari d&#8217;activitats que diverses societats musicals han programat per a aquests dies.<\/p>\n<p>La\u00a0UMT va celebrar l&#8217;inici d&#8217;aquesta\u00a0XLV Setmana Musical amb un concert extraordinari, en honor de la santa, en el qual la Banda Simf\u00f2nica va brillar dirigida pel mestre Frank De\u00a0Vuyst. La programaci\u00f3 especial continu\u00e0 el cap de setmana passat amb la presentaci\u00f3 de la Big Band de la\u00a0UMT, un projecte que arranca amb tota l&#8217;energia que un dels millors\u00a0jazzistes del panorama internacional,\u00a0Kiko Berenguer, pot aportar a iniciatives d&#8217;aquesta magnitud. El reeixit saxofonista va amenitzar amb el seu quartet de\u00a0sax\u00f2fons la nit de divendres, durant la presentaci\u00f3 de la Big Band, en un concert que va ser tamb\u00e9 tribut al mestre Pedro\u00a0Iturralde, per a oferir despr\u00e9s al p\u00fablic assistent una selecci\u00f3 de col\u00b7laboracions molt especials en qu\u00e8 participaren Ram\u00f3n\u00a0Bres\u00f3, a la flauta, i tamb\u00e9 la interpretaci\u00f3 al piano de Carles Civera, amic personal de\u00a0Kiko i professor en el Conservatori de M\u00fasica de Torrent.<br \/>\nDiumenge a les 12h tingu\u00e9 lloc, per fi, la inauguraci\u00f3 d&#8217;un local renovat despr\u00e9s de les reformes dutes a terme aquest estiu i que permetran gaudir m\u00e9s de la m\u00fasica i de tots els actes que acollir\u00e0 la nova seu de la\u00a0UMT en la sala\u00a0M\u00fasic Mariano Puig Yago. Per a finalitzar els actes solemnes, membres de la Uni\u00f3 Musical van celebrar una missa a l&#8217;esgl\u00e9sia de l&#8217;Assumpci\u00f3, en honor de la patrona.<\/p>\n<p><img fetchpriority=\"high\" decoding=\"async\" class=\"aligncenter wp-image-46275\" src=\"https:\/\/www.infotorrent.es\/wp-content\/uploads\/2021\/11\/211122_big-band-2.jpg\" alt=\"\" width=\"600\" height=\"400\" \/><\/p>\n","protected":false},"excerpt":{"rendered":"<p>Un projecte dirigit per Kiko Berenguer que s&#8217;obri cam\u00ed en el panorama jazz\u00edstic nacional La festivitat de Santa Cec\u00edlia, patrona dels m\u00fasics, ha obert el calendari d&#8217;activitats que diverses societats musicals han programat per a aquests dies. La\u00a0UMT va celebrar l&#8217;inici d&#8217;aquesta\u00a0XLV Setmana Musical amb un concert extraordinari, en honor de la santa, en el [&hellip;]<\/p>\n","protected":false},"author":2,"featured_media":14827,"comment_status":"closed","ping_status":"open","sticky":false,"template":"","format":"standard","meta":{"_acf_changed":false,"footnotes":""},"categories":[117,116],"tags":[],"class_list":["post-14825","post","type-post","status-publish","format-standard","has-post-thumbnail","hentry","category-cultura","category-noticies"],"acf":[],"_links":{"self":[{"href":"https:\/\/infotorrent.es\/ca\/wp-json\/wp\/v2\/posts\/14825","targetHints":{"allow":["GET"]}}],"collection":[{"href":"https:\/\/infotorrent.es\/ca\/wp-json\/wp\/v2\/posts"}],"about":[{"href":"https:\/\/infotorrent.es\/ca\/wp-json\/wp\/v2\/types\/post"}],"author":[{"embeddable":true,"href":"https:\/\/infotorrent.es\/ca\/wp-json\/wp\/v2\/users\/2"}],"replies":[{"embeddable":true,"href":"https:\/\/infotorrent.es\/ca\/wp-json\/wp\/v2\/comments?post=14825"}],"version-history":[{"count":0,"href":"https:\/\/infotorrent.es\/ca\/wp-json\/wp\/v2\/posts\/14825\/revisions"}],"wp:featuredmedia":[{"embeddable":true,"href":"https:\/\/infotorrent.es\/ca\/wp-json\/wp\/v2\/media\/14827"}],"wp:attachment":[{"href":"https:\/\/infotorrent.es\/ca\/wp-json\/wp\/v2\/media?parent=14825"}],"wp:term":[{"taxonomy":"category","embeddable":true,"href":"https:\/\/infotorrent.es\/ca\/wp-json\/wp\/v2\/categories?post=14825"},{"taxonomy":"post_tag","embeddable":true,"href":"https:\/\/infotorrent.es\/ca\/wp-json\/wp\/v2\/tags?post=14825"}],"curies":[{"name":"wp","href":"https:\/\/api.w.org\/{rel}","templated":true}]}}