{"id":14810,"date":"2021-11-30T11:58:00","date_gmt":"2021-11-30T11:58:00","guid":{"rendered":"https:\/\/infotorrent.es\/uncategorized\/nit-de-gala-en-el-sant-gregori-amb-lespectacular-presentacio-del-torrent-cf-centenari\/"},"modified":"2021-11-30T11:55:42","modified_gmt":"2021-11-30T11:55:42","slug":"nit-de-gala-en-el-sant-gregori-amb-lespectacular-presentacio-del-torrent-cf-centenari","status":"publish","type":"post","link":"https:\/\/infotorrent.es\/ca\/noticies\/nit-de-gala-en-el-sant-gregori-amb-lespectacular-presentacio-del-torrent-cf-centenari\/","title":{"rendered":"Nit de gala en el Sant Gregori amb l&#8217;espectacular presentaci\u00f3 del  Torrent CF centenari"},"content":{"rendered":"<h4 style=\"text-align: center;\"><span style=\"color: #000080;\"><strong>El Torrent CF, fundat en 1922, rep la not\u00edcia del Premi Carta de Poblament per boca de l&#8217;alcalde Jes\u00fas Ros, durant l&#8217;acte de presentaci\u00f3 dels m\u00e9s de vuit-cents components d&#8217;una de les escoles deganes del futbol valenci\u00e0, que celebra aquesta temporada els seus cent anys d&#8217;hist\u00f2ria<\/strong><\/span><\/h4>\n<p>El Torrent CF va presentar en la vesprada d&#8217;ahir, 17 de\u00a0novembre, el conjunt de l&#8217;escola i primer equip en un Sant Gregori amb m\u00e9s de dos mil cinc-centes persones que van omplir les graderies des d&#8217;una hora abans de l&#8217;arrancada de l&#8217;acte, que va comptar amb un gran desplegament t\u00e8cnic i hum\u00e0 i una espectacular posada en escena entre jocs de llums i projeccions d&#8217;imatge i v\u00eddeo. A m\u00e9s de poder seguir l&#8217;acte, l&#8217;eixida dels jugadors i els parlaments, l&#8217;afici\u00f3 va gaudir de les paraules de felicitaci\u00f3 pel centenari taronja de futbolistes, esportistes i t\u00e8cnics com Andr\u00e9s Palop, Pedro L\u00f3pez, Jos\u00e9 Luis Morales, Anabel Medina, Carlos Soler, Paco Alc\u00e1cer, Paco L\u00f3pez, Fran Escrib\u00e1 \u2013aquests tres \u00faltims van vestir la samarreta taronja en diferents etapes\u2013, Ruth Garc\u00eda, Amedeo Carboni o Jorge Valdano, entre molts d\u2019altres.<\/p>\n<p>L&#8217;alcalde de Torrent, Jes\u00fas Ros, protagonitz\u00e0 la primera intervenci\u00f3 de la nit, en la qual es va congratular pel retrobament amb una graderia tan plena despr\u00e9s de les dificultats generades per la pand\u00e8mia i va revelar una gran not\u00edcia per a l&#8217;entitat: el Torrent CF ha sigut guardonat amb el Premi Carta de Poblament, el major distintiu del municipi, pels seus cent anys d&#8217;hist\u00f2ria. \u201cS\u00f3n molts anys i alguns ve\u00efns i ve\u00efnes de la ciutat que en tenen ja m\u00e9s de cent han sigut testimonis d&#8217;aquest llarg per\u00edode hist\u00f2ric del club. Un club que \u00e9s una fam\u00edlia i que ha fet un equip que ens ha de donar moltes alegries\u201d, va afegir Ros, al mateix temps que va destacar \u201cuna directiva que sap el que porta entre mans per a donar categoria al club i a tots els equips que el componen, i que est\u00e0 treballant molt\u201d.<\/p>\n<p>Despr\u00e9s, els quaranta-dos equips de l&#8217;escola -d\u00edhuit de futbol 11, vint-i-dos de futbol 8 i els dos equips femenins del projecte pioner en la Comunitat Valenciana de futbol i futbol sala, el CEF\u00a0Hispanic-Torrent CF, van desfilar per la gespa entre llums taronges que acompanyaven els jugadors fins a un gran escenari coronat pel logo del centenari del club, en un acte presentat per Cristina Bea i Gustavo Clemente i en el qual tamb\u00e9 el diputat de Joventut i Esports, Andr\u00e9s Campos, va mostrar la seua \u201calegria per tornar a veure Sant Gregori de gom a gom i tornar a sentir la normalitat de la ciutat, poder sentir la calor de les graderies, de l&#8217;afici\u00f3, de la sang taronja\u201d i va destacar que \u201csi alguna cosa ha caracteritzat el Torrent CF en aquests cent anys \u00e9s la seua capacitat d&#8217;unir, de transformar, d&#8217;inspirar, de vertebrar una ciutat\u201d.<\/p>\n<p>Per part seua, el president del Torrent CF, V\u00edctor Ventosa, al capdavant d&#8217;un projecte que conjuga ambici\u00f3 per aconseguir objectius esportius i humilitat per la creen\u00e7a en el treball constant des de fa set anys, es va mostrar molt agra\u00eft pel reconeixement atorgat per l&#8217;Ajuntament de Torrent amb el Premi Carta de\u00a0Poblament i la seua posada en escena tan \u201cimportant, com es mereix la ciutat de Torrent i el Torrent Club de Futbol\u201d. Ventosa no va restar mires a les metes esportives del club, sobre les quals va dir que \u201cl&#8217;objectiu del club \u00e9s poder arribar a jugar com a m\u00ednim en Segona RFEF, aix\u00ed com que els equips de l&#8217;escola competisquen, com ja ho fan ara, en les m\u00e0ximes categories nacionals\u201d.<\/p>\n<p><img fetchpriority=\"high\" decoding=\"async\" class=\"aligncenter wp-image-46230\" src=\"https:\/\/www.infotorrent.es\/wp-content\/uploads\/2021\/11\/211118_Torrent-CF_centenario_2-scaled.jpg\" alt=\"\" width=\"600\" height=\"400\" \/><\/p>\n<p>L&#8217;eixida al terreny de joc d&#8217;un enc\u00e9s Sant Gregori del primer equip va ser el colof\u00f3 d\u2019una nit tamb\u00e9 hist\u00f2rica, que va comptar amb la pres\u00e8ncia en la llotja d&#8217;autoritats de la regidora d&#8217;Esports de Torrent, Susi Ferrer, entre altres representants municipals, al costat de patrocinadors i membres del club, i la junta directiva taronja, Albert Andreu, Fernando Lino i Albert Andreu Bartual que acompanyaven el president.<\/p>\n<p>Els jugadors de Toni Jare\u00f1o van saltar al camp victorejats per una graderia que va ovacionar especialment els davanters Steve Ekedi i\u00a0Yassine i els assistents i <em>alma mater<\/em> del Torrent CF, Vicente Gonz\u00e1lez i Juan Molinero, que van ser rebuts per la totalitat de la plantilla amb un corredor d&#8217;honor i aplaudiments en la rampa d&#8217;acc\u00e9s a l&#8217;escenari.<\/p>\n<p>La fotografia del cos t\u00e8cnic dels vint-i-un jugadors del primer equip torrent\u00ed, que milita per segona temporada consecutiva en la Tercera RFEF i que ve d&#8217;encadenar dues vict\u00f2ries seguides per la m\u00ednima, davant Recanvis Col\u00f3n i Castell\u00f3 B, amb la totalitat dels membres de l&#8217;escola, situats als peus de l&#8217;escenari, va segellar una gran cita per a l&#8217;entitat torrentina, envoltats dels jocs de llums i color i amb el nou himne del Torrent CF, interpretat per Jon\u00e1s Arcos, amb m\u00fasica i lletra d&#8217;Israel Catal\u00e0. \u201c\u00c9s un sentiment que naix en la gent de Torrent \/ que tenen valors, esfor\u00e7 i tots junts s\u00f3n els m\u00e9s forts. Som la sang taronja i hem vingut a guanyar\u201d, diu part de la composici\u00f3.<\/p>\n<p><img decoding=\"async\" class=\"aligncenter wp-image-46228\" src=\"https:\/\/www.infotorrent.es\/wp-content\/uploads\/2021\/11\/211118_Torrent-CF_centenario_1-scaled.jpg\" alt=\"\" width=\"600\" height=\"400\" \/><\/p>\n<p>&nbsp;<\/p>\n","protected":false},"excerpt":{"rendered":"<p>El Torrent CF, fundat en 1922, rep la not\u00edcia del Premi Carta de Poblament per boca de l&#8217;alcalde Jes\u00fas Ros, durant l&#8217;acte de presentaci\u00f3 dels m\u00e9s de vuit-cents components d&#8217;una de les escoles deganes del futbol valenci\u00e0, que celebra aquesta temporada els seus cent anys d&#8217;hist\u00f2ria El Torrent CF va presentar en la vesprada d&#8217;ahir, [&hellip;]<\/p>\n","protected":false},"author":2,"featured_media":14812,"comment_status":"closed","ping_status":"open","sticky":false,"template":"","format":"standard","meta":{"_acf_changed":false,"footnotes":""},"categories":[123,116],"tags":[],"class_list":["post-14810","post","type-post","status-publish","format-standard","has-post-thumbnail","hentry","category-joventut-i-esports","category-noticies"],"acf":[],"_links":{"self":[{"href":"https:\/\/infotorrent.es\/ca\/wp-json\/wp\/v2\/posts\/14810","targetHints":{"allow":["GET"]}}],"collection":[{"href":"https:\/\/infotorrent.es\/ca\/wp-json\/wp\/v2\/posts"}],"about":[{"href":"https:\/\/infotorrent.es\/ca\/wp-json\/wp\/v2\/types\/post"}],"author":[{"embeddable":true,"href":"https:\/\/infotorrent.es\/ca\/wp-json\/wp\/v2\/users\/2"}],"replies":[{"embeddable":true,"href":"https:\/\/infotorrent.es\/ca\/wp-json\/wp\/v2\/comments?post=14810"}],"version-history":[{"count":0,"href":"https:\/\/infotorrent.es\/ca\/wp-json\/wp\/v2\/posts\/14810\/revisions"}],"wp:featuredmedia":[{"embeddable":true,"href":"https:\/\/infotorrent.es\/ca\/wp-json\/wp\/v2\/media\/14812"}],"wp:attachment":[{"href":"https:\/\/infotorrent.es\/ca\/wp-json\/wp\/v2\/media?parent=14810"}],"wp:term":[{"taxonomy":"category","embeddable":true,"href":"https:\/\/infotorrent.es\/ca\/wp-json\/wp\/v2\/categories?post=14810"},{"taxonomy":"post_tag","embeddable":true,"href":"https:\/\/infotorrent.es\/ca\/wp-json\/wp\/v2\/tags?post=14810"}],"curies":[{"name":"wp","href":"https:\/\/api.w.org\/{rel}","templated":true}]}}