{"id":14798,"date":"2021-11-17T13:25:11","date_gmt":"2021-11-17T13:25:11","guid":{"rendered":"https:\/\/infotorrent.es\/uncategorized\/torrent-se-suma-a-les-celebracions-del-20n-dia-mundial-de-la-infancia\/"},"modified":"2021-11-17T13:26:35","modified_gmt":"2021-11-17T13:26:35","slug":"torrent-se-suma-a-les-celebracions-del-20n-dia-mundial-de-la-infancia","status":"publish","type":"post","link":"https:\/\/infotorrent.es\/ca\/noticies\/torrent-se-suma-a-les-celebracions-del-20n-dia-mundial-de-la-infancia\/","title":{"rendered":"Torrent se suma a les celebracions del 20N, Dia Mundial de la Inf\u00e0ncia"},"content":{"rendered":"<h4 style=\"text-align: center;\"><strong><span style=\"color: #000080;\">L&#8217;Ajuntament de la ciutat reuneix diverses associacions ciutadanes i entitats municipals per a organitzar activitats amb motiu del 20N sota el lema \u2018Un bon gest amb la Terra, un b\u00e9 per al m\u00f3n\u2019<\/span><\/p>\n<p><\/strong><\/h4>\n<p>El 20 de novembre \u00e9s el Dia Universal del Xiquet, un dia dedicat a tots els xiquets i xiquetes del m\u00f3n i centrat en protegir els drets de la inf\u00e0ncia. \u201cCom l&#8217;objectiu d&#8217;aquest dia \u00e9s recordar a la ciutadania que els xiquets s\u00f3n el col\u00b7lectiu m\u00e9s vulnerable i, per tant, el que m\u00e9s pateix les crisis i els problemes del m\u00f3n, enguany Torrent el celebrar\u00e0 amb el lema: &#8220;Un bon gest amb la Terra, un b\u00e9 per al m\u00f3n\u201d, i combinar\u00e0 aix\u00ed el dia de la inf\u00e0ncia amb les activitats relacionades amb els objectius de desenvolupament sostenible de medi ambient, que tamb\u00e9 se celebren al novembre\u201d, explica la regidora d&#8217;Inf\u00e0ncia, Patricia S\u00e1ez. Per aix\u00f2, durant aquest mes les xiquetes, xiquets i adolescents de la ciutat podran participar en els diversos tallers de sensibilitzaci\u00f3 que el Centre Mediambiental del\u00a0Vedat ha organitzat amb la finalitat de donar un espai als m\u00e9s joves perqu\u00e8 expressen les seues idees sobre la conservaci\u00f3 del medi ambient i coneguen de primera m\u00e0 la situaci\u00f3 en qu\u00e8 es troba el seu entorn natural i urb\u00e0 m\u00e9s immediat.<\/p>\n<p>Vora 190 xiquetes i xiquets de tota la ciutat participaran dissabte que ve, 20 de novembre, en una trobada per a la recollida de residus en la zona del\u00a0Vedat; despr\u00e9s, els participants en aquesta acci\u00f3 de recollida selectiva de residus es reuniran en l&#8217;\u00c0gora del\u00a0Parc Central, on entre tots analitzaran els residus abandonats a la natura que han arreplegat i posaran en com\u00fa les seues reflexions, de manera que puguen manifestar davant companys i companyes les iniciatives que ells posarien en marxa, perqu\u00e8 aix\u00ed les reben els qui prenen les decisions pol\u00edtiques de la ciutat.<\/p>\n<p>A m\u00e9s del debat i les xarrades que es plantegen en aquesta trobada, els xiquets i xiquetes de Torrent que aix\u00ed ho desitgen podran gaudir de les actuacions de l\u2019\u00a0Escola Coral de Torrent, els balls dels xics i xiques de Nova Vida i la participaci\u00f3 del grup\u00a0PerFussi\u00f3-Batukada, d\u2019\u00a0Adisto, que inclour\u00e0 una animada actuaci\u00f3 amb instruments fets amb bidons de pintura i altres materials reciclats, constru\u00efts per ells mateixos.<\/p>\n<p>D&#8217;altra banda, i sumant-se a l&#8217;acci\u00f3 que cada any impulsa UNICEF, durant la vesprada i nit del 20N s&#8217;il\u00b7luminar\u00e0 de blau l&#8217;edifici de l&#8217;ajuntament, igual que ho faran altres edificis i monuments emblem\u00e0tics de diferents ciutats, en commemoraci\u00f3 del Dia Universal de la Inf\u00e0ncia.<\/p>\n<p>Totes aquestes activitats han sigut organitzades per l&#8217;Ajuntament de Torrent i gr\u00e0cies a la col\u00b7laboraci\u00f3 del Centre d&#8217;Informaci\u00f3 Juvenil, Consell Municipal de\u00a0Xiquets i\u00a0Xiquetes, Cercle d&#8217;Acci\u00f3 Social,\u00a0Adisto, Fundaci\u00f3 Luis Amig\u00f3, Associaci\u00f3 Nova Vida, Col\u2022lectiu\u00a0Soterranya, Creu Roja Torrent, Fundaci\u00f3 Maria Auxiliadora, Lliga valenciana d&#8217;Educaci\u00f3 i Cultura,\u00a0UPCCA Torrent, totes s\u00f3n entitats i associacions de Torrent que duen a terme una important labor amb la inf\u00e0ncia i l&#8217;adolesc\u00e8ncia.<\/p>\n<p><img fetchpriority=\"high\" decoding=\"async\" class=\"aligncenter wp-image-46199\" src=\"https:\/\/www.infotorrent.es\/wp-content\/uploads\/2021\/11\/211116_20N-D\u00eda-Infancia-01.png\" alt=\"\" width=\"424\" height=\"600\" \/><\/p>\n","protected":false},"excerpt":{"rendered":"<p>L&#8217;Ajuntament de la ciutat reuneix diverses associacions ciutadanes i entitats municipals per a organitzar activitats amb motiu del 20N sota el lema \u2018Un bon gest amb la Terra, un b\u00e9 per al m\u00f3n\u2019 El 20 de novembre \u00e9s el Dia Universal del Xiquet, un dia dedicat a tots els xiquets i xiquetes del m\u00f3n i [&hellip;]<\/p>\n","protected":false},"author":2,"featured_media":14800,"comment_status":"closed","ping_status":"open","sticky":false,"template":"","format":"standard","meta":{"_acf_changed":false,"footnotes":""},"categories":[119,116],"tags":[],"class_list":["post-14798","post","type-post","status-publish","format-standard","has-post-thumbnail","hentry","category-medi-ambient","category-noticies"],"acf":[],"_links":{"self":[{"href":"https:\/\/infotorrent.es\/ca\/wp-json\/wp\/v2\/posts\/14798","targetHints":{"allow":["GET"]}}],"collection":[{"href":"https:\/\/infotorrent.es\/ca\/wp-json\/wp\/v2\/posts"}],"about":[{"href":"https:\/\/infotorrent.es\/ca\/wp-json\/wp\/v2\/types\/post"}],"author":[{"embeddable":true,"href":"https:\/\/infotorrent.es\/ca\/wp-json\/wp\/v2\/users\/2"}],"replies":[{"embeddable":true,"href":"https:\/\/infotorrent.es\/ca\/wp-json\/wp\/v2\/comments?post=14798"}],"version-history":[{"count":0,"href":"https:\/\/infotorrent.es\/ca\/wp-json\/wp\/v2\/posts\/14798\/revisions"}],"wp:featuredmedia":[{"embeddable":true,"href":"https:\/\/infotorrent.es\/ca\/wp-json\/wp\/v2\/media\/14800"}],"wp:attachment":[{"href":"https:\/\/infotorrent.es\/ca\/wp-json\/wp\/v2\/media?parent=14798"}],"wp:term":[{"taxonomy":"category","embeddable":true,"href":"https:\/\/infotorrent.es\/ca\/wp-json\/wp\/v2\/categories?post=14798"},{"taxonomy":"post_tag","embeddable":true,"href":"https:\/\/infotorrent.es\/ca\/wp-json\/wp\/v2\/tags?post=14798"}],"curies":[{"name":"wp","href":"https:\/\/api.w.org\/{rel}","templated":true}]}}