{"id":14795,"date":"2021-11-16T12:58:10","date_gmt":"2021-11-16T12:58:10","guid":{"rendered":"https:\/\/infotorrent.es\/uncategorized\/torrent-se-suma-al-dia-mundial-sense-alcohol\/"},"modified":"2021-11-16T12:59:55","modified_gmt":"2021-11-16T12:59:55","slug":"torrent-se-suma-al-dia-mundial-sense-alcohol","status":"publish","type":"post","link":"https:\/\/infotorrent.es\/ca\/noticies\/torrent-se-suma-al-dia-mundial-sense-alcohol\/","title":{"rendered":"Torrent se suma al Dia Mundial sense Alcohol"},"content":{"rendered":"<h4 style=\"text-align: center;\"><span style=\"color: #000080;\"><strong>Ajuntament de Torrent i Artic s&#8217;uneixen per a informar sobre els riscos del consum i de l&#8217;ab\u00fas d&#8217;alcohol i drogues<\/strong><\/span><\/h4>\n<p>L&#8217;Ajuntament de Torrent, dins del pla municipal sobre el tractament de drogodepend\u00e8ncies que duu a terme la Unitat de Prevenci\u00f3 Comunit\u00e0ria i Conductes Addictives, ha instal\u00b7lat un servei p\u00fablic d&#8217;informaci\u00f3 amb l&#8217;objectiu de conscienciar la ciutadania sobre les conseq\u00fc\u00e8ncies del consum i ab\u00fas d&#8217;alcohol i drogues.<\/p>\n<p>&nbsp;<\/p>\n<p>En aquesta l\u00ednia d&#8217;actuacions, la UPCCA i l&#8217;associaci\u00f3 Artic han organitzat en el mat\u00ed de dilluns 15 un taller de begudes saludables, amb motiu del Dia Mundial sense Alcohol, en el qual s&#8217;ha pret\u00e9s divulgar i fomentar h\u00e0bits de vida saludables perqu\u00e8 la poblaci\u00f3 puga con\u00e8ixer alternatives al consum i ab\u00fas de les begudes alcoh\u00f2liques, aix\u00ed com per a advertir dels greus danys que aquestes i altres subst\u00e0ncies poden ocasionar en el nostre organisme.<\/p>\n<p><img fetchpriority=\"high\" decoding=\"async\" class=\"aligncenter wp-image-46181\" src=\"https:\/\/www.infotorrent.es\/wp-content\/uploads\/2021\/11\/211115_D\u00eda-sin-alcohol_2.jpg\" alt=\"\" width=\"600\" height=\"400\" \/><\/p>\n","protected":false},"excerpt":{"rendered":"<p>Ajuntament de Torrent i Artic s&#8217;uneixen per a informar sobre els riscos del consum i de l&#8217;ab\u00fas d&#8217;alcohol i drogues L&#8217;Ajuntament de Torrent, dins del pla municipal sobre el tractament de drogodepend\u00e8ncies que duu a terme la Unitat de Prevenci\u00f3 Comunit\u00e0ria i Conductes Addictives, ha instal\u00b7lat un servei p\u00fablic d&#8217;informaci\u00f3 amb l&#8217;objectiu de conscienciar la [&hellip;]<\/p>\n","protected":false},"author":2,"featured_media":14797,"comment_status":"closed","ping_status":"open","sticky":false,"template":"","format":"standard","meta":{"_acf_changed":false,"footnotes":""},"categories":[117,116],"tags":[],"class_list":["post-14795","post","type-post","status-publish","format-standard","has-post-thumbnail","hentry","category-cultura","category-noticies"],"acf":[],"_links":{"self":[{"href":"https:\/\/infotorrent.es\/ca\/wp-json\/wp\/v2\/posts\/14795","targetHints":{"allow":["GET"]}}],"collection":[{"href":"https:\/\/infotorrent.es\/ca\/wp-json\/wp\/v2\/posts"}],"about":[{"href":"https:\/\/infotorrent.es\/ca\/wp-json\/wp\/v2\/types\/post"}],"author":[{"embeddable":true,"href":"https:\/\/infotorrent.es\/ca\/wp-json\/wp\/v2\/users\/2"}],"replies":[{"embeddable":true,"href":"https:\/\/infotorrent.es\/ca\/wp-json\/wp\/v2\/comments?post=14795"}],"version-history":[{"count":0,"href":"https:\/\/infotorrent.es\/ca\/wp-json\/wp\/v2\/posts\/14795\/revisions"}],"wp:featuredmedia":[{"embeddable":true,"href":"https:\/\/infotorrent.es\/ca\/wp-json\/wp\/v2\/media\/14797"}],"wp:attachment":[{"href":"https:\/\/infotorrent.es\/ca\/wp-json\/wp\/v2\/media?parent=14795"}],"wp:term":[{"taxonomy":"category","embeddable":true,"href":"https:\/\/infotorrent.es\/ca\/wp-json\/wp\/v2\/categories?post=14795"},{"taxonomy":"post_tag","embeddable":true,"href":"https:\/\/infotorrent.es\/ca\/wp-json\/wp\/v2\/tags?post=14795"}],"curies":[{"name":"wp","href":"https:\/\/api.w.org\/{rel}","templated":true}]}}