{"id":14792,"date":"2021-11-16T12:53:18","date_gmt":"2021-11-16T12:53:18","guid":{"rendered":"https:\/\/infotorrent.es\/uncategorized\/el-club-horta-classics-organitza-la-xv-edicio-de-la-concentracio-de-cotxes-classics-ciutat-de-torrent\/"},"modified":"2021-11-16T12:55:42","modified_gmt":"2021-11-16T12:55:42","slug":"el-club-horta-classics-organitza-la-xv-edicio-de-la-concentracio-de-cotxes-classics-ciutat-de-torrent","status":"publish","type":"post","link":"https:\/\/infotorrent.es\/ca\/noticies\/el-club-horta-classics-organitza-la-xv-edicio-de-la-concentracio-de-cotxes-classics-ciutat-de-torrent\/","title":{"rendered":"El Club Horta Cl\u00e0ssics organitza la quinzena edici\u00f3 de la Concentraci\u00f3 de Cotxes Cl\u00e0ssics Ciutat de Torrent"},"content":{"rendered":"<h4 style=\"text-align: center;\"><span style=\"color: #000080;\"><strong>Els amants dels cotxes cl\u00e0ssics i antics es van reunir diumenge passat als voltants de la Torre per a exhibir i admirar models singulars de l&#8217;automoci\u00f3<\/strong><\/span><\/h4>\n<p>El Club\u00a0Horta\u00a0Cl\u00e0ssics, col\u00b7leccionistes de models de cotxes cl\u00e0ssics i aficionats al motor, ha celebrat el mat\u00ed de diumenge una nova edici\u00f3 de la Concentraci\u00f3 de \u00a0Cotxes Cl\u00e0ssics Ciutat de Torrent, una iniciativa que en els darrers anys ha anat adquirint gran rellev\u00e0ncia en l&#8217;\u00e0mbit provincial a causa de la quantitat de persones que hi participen i que es mostren encantades d&#8217;exposar davant els aficionats cotxes de totes les \u00e8poques.<\/p>\n<p>La concentraci\u00f3 de models cl\u00e0ssics va tenir lloc a l&#8217;esplanada que hi ha al costat de la Torre, on es van exhibir durant tot el mat\u00ed cotxes amb m\u00e9s de 30 anys, agrupats per marques, estils i \u00e8poques, per a facilitar als aficionats que fins all\u00ed es van acostar una visi\u00f3 conjunta de l&#8217;evoluci\u00f3 en el disseny i la tecnologia d&#8217;aquestes peces singulars del motor. Aquesta concentraci\u00f3 reuneix cada any centenars d&#8217;aficionats de totes les edats, que aprofiten l&#8217;ocasi\u00f3 per a fotografiar-se amb els seus models preferits i que, segons els organitzadors, se celebra amb l&#8217;objectiu que aficionats i visitants en general puguen con\u00e8ixer la hist\u00f2ria de l&#8217;autom\u00f2bil i ensenyar als m\u00e9s j\u00f3vens com eren els cotxes d&#8217;abans i els que van usar els seus familiars.<\/p>\n<p><img fetchpriority=\"high\" decoding=\"async\" class=\"aligncenter wp-image-46171\" src=\"https:\/\/www.infotorrent.es\/wp-content\/uploads\/2021\/11\/211115_Concentraci\u00f3n-Horta-Cl\u00e0ssics_7.jpg\" alt=\"\" width=\"600\" height=\"400\" \/><\/p>\n<p>&nbsp;<\/p>\n<p><img decoding=\"async\" class=\"aligncenter wp-image-46169\" src=\"https:\/\/www.infotorrent.es\/wp-content\/uploads\/2021\/11\/211115_Concentraci\u00f3n-Horta-Cl\u00e0ssics_5.jpg\" alt=\"\" width=\"600\" height=\"400\" \/><\/p>\n<p>Al final del mat\u00ed, el Club\u00a0Horta\u00a0Cl\u00e0ssics va lliurar trofeus en diferents categories, com la del cotxe m\u00e9s antic o a l&#8217;arribat des de m\u00e9s lluny i al club m\u00e9s nombr\u00f3s, aix\u00ed com una distinci\u00f3 especial, el trofeu Juan D\u00edaz, al millor cotxe de la concentraci\u00f3.<\/p>\n<p><img decoding=\"async\" class=\"aligncenter wp-image-46173\" src=\"https:\/\/www.infotorrent.es\/wp-content\/uploads\/2021\/11\/211115_Concentraci\u00f3n-Horta-Cl\u00e0ssics_coche-m\u00e1s-lejano.jpeg\" alt=\"\" width=\"600\" height=\"450\" \/><\/p>\n<p><img loading=\"lazy\" decoding=\"async\" class=\"aligncenter wp-image-46175\" src=\"https:\/\/www.infotorrent.es\/wp-content\/uploads\/2021\/11\/211115_Concentraci\u00f3n-Horta-Cl\u00e0ssics_Trofeo-Juan-D\u00edaz-mejor-coche-concentraci\u00f3n.jpeg\" alt=\"\" width=\"600\" height=\"450\" \/><\/p>\n","protected":false},"excerpt":{"rendered":"<p>Els amants dels cotxes cl\u00e0ssics i antics es van reunir diumenge passat als voltants de la Torre per a exhibir i admirar models singulars de l&#8217;automoci\u00f3 El Club\u00a0Horta\u00a0Cl\u00e0ssics, col\u00b7leccionistes de models de cotxes cl\u00e0ssics i aficionats al motor, ha celebrat el mat\u00ed de diumenge una nova edici\u00f3 de la Concentraci\u00f3 de \u00a0Cotxes Cl\u00e0ssics Ciutat de [&hellip;]<\/p>\n","protected":false},"author":2,"featured_media":14794,"comment_status":"closed","ping_status":"open","sticky":false,"template":"","format":"standard","meta":{"_acf_changed":false,"footnotes":""},"categories":[117,116],"tags":[],"class_list":["post-14792","post","type-post","status-publish","format-standard","has-post-thumbnail","hentry","category-cultura","category-noticies"],"acf":[],"_links":{"self":[{"href":"https:\/\/infotorrent.es\/ca\/wp-json\/wp\/v2\/posts\/14792","targetHints":{"allow":["GET"]}}],"collection":[{"href":"https:\/\/infotorrent.es\/ca\/wp-json\/wp\/v2\/posts"}],"about":[{"href":"https:\/\/infotorrent.es\/ca\/wp-json\/wp\/v2\/types\/post"}],"author":[{"embeddable":true,"href":"https:\/\/infotorrent.es\/ca\/wp-json\/wp\/v2\/users\/2"}],"replies":[{"embeddable":true,"href":"https:\/\/infotorrent.es\/ca\/wp-json\/wp\/v2\/comments?post=14792"}],"version-history":[{"count":0,"href":"https:\/\/infotorrent.es\/ca\/wp-json\/wp\/v2\/posts\/14792\/revisions"}],"wp:featuredmedia":[{"embeddable":true,"href":"https:\/\/infotorrent.es\/ca\/wp-json\/wp\/v2\/media\/14794"}],"wp:attachment":[{"href":"https:\/\/infotorrent.es\/ca\/wp-json\/wp\/v2\/media?parent=14792"}],"wp:term":[{"taxonomy":"category","embeddable":true,"href":"https:\/\/infotorrent.es\/ca\/wp-json\/wp\/v2\/categories?post=14792"},{"taxonomy":"post_tag","embeddable":true,"href":"https:\/\/infotorrent.es\/ca\/wp-json\/wp\/v2\/tags?post=14792"}],"curies":[{"name":"wp","href":"https:\/\/api.w.org\/{rel}","templated":true}]}}