{"id":14768,"date":"2021-11-12T12:41:07","date_gmt":"2021-11-12T12:41:07","guid":{"rendered":"https:\/\/infotorrent.es\/uncategorized\/lorenzo-silva-rodrigo-cortes-marta-robles-i-rafa-lahuerta-protagonistes-de-la-tercera-edicio-de-torrent-historica\/"},"modified":"2021-11-12T12:44:17","modified_gmt":"2021-11-12T12:44:17","slug":"lorenzo-silva-rodrigo-cortes-marta-robles-i-rafa-lahuerta-protagonistes-de-la-tercera-edicio-de-torrent-historica","status":"publish","type":"post","link":"https:\/\/infotorrent.es\/ca\/noticies\/lorenzo-silva-rodrigo-cortes-marta-robles-i-rafa-lahuerta-protagonistes-de-la-tercera-edicio-de-torrent-historica\/","title":{"rendered":"Lorenzo Silva, Rodrigo Cort\u00e9s, Marta Robles i Rafa Lahuerta, protagonistes de la tercera edici\u00f3 de \u201cTorrent Hist\u00f2rica\u201d"},"content":{"rendered":"<h4 style=\"text-align: center;\"><span style=\"color: #000080;\"><strong>Rodrigo Cort\u00e9s ser\u00e0 nomenat C\u00f2nsol Honorari del festival \u201cper haver aconseguit participar en una forma d&#8217;expressi\u00f3 popular que ens fa interessar-nos vivament per la cultura\u201d<\/strong><\/span><\/h4>\n<h4 style=\"text-align: center;\"><span style=\"color: #000080;\"><strong><br \/>\nLorenzo Silva, autor de <em>Castellano<\/em>, protagonitzar\u00e0 una trobada amb el p\u00fablic i un club de lectura<\/strong><\/span><\/h4>\n<h4 style=\"text-align: center;\"><span style=\"color: #000080;\"><strong><br \/>\nMarta Robles ens contar\u00e0 les passions carnals dels reis espanyols que van canviar la hist\u00f2ria del nostre pa\u00eds<\/strong><\/span><\/h4>\n<h4 style=\"text-align: center;\"><span style=\"color: #000080;\"><strong><br \/>\nRafa Lahuerta i Miquel Nadal, guanyadors dels dos \u00faltims premis Lletraferit, bussejaran en el passat de Val\u00e8ncia<\/strong><\/span><\/h4>\n<h4 style=\"text-align: center;\"><span style=\"color: #000080;\"><strong><br \/>\nUna divertida batalla d&#8217;escriptors posar\u00e0 punt final a la tercera edici\u00f3 de Torrent Hist\u00f2rica, que tindr\u00e0 lloc entre el 18 i el 21 de novembre<\/strong><\/span><\/h4>\n<h4 style=\"text-align: center;\"><strong><span style=\"color: #000080;\">Jes\u00fas Ros: \u201c\u00c9s un festival jove, per\u00f2 ja \u00e9s un cl\u00e0ssic per la seua qualitat\u201d<\/span><\/p>\n<p><\/strong><\/h4>\n<p>Torna \u201cTorrent\u00a0Hist\u00f2rica\u201d per a celebrar la tercera edici\u00f3 i el seu retrobament amb el p\u00fablic. I ho fa amb autors nacionals de primera fila, com Lorenzo Silva, Rodrigo Cort\u00e9s, Marta Robles o Rafa Lahuerta. Totes les trobades del p\u00fablic amb els autors tindran lloc en l&#8217;edifici de l\u2019Antic\u00a0Mercat entre el 18 i el 21 de novembre. Els actes es podran seguir tamb\u00e9 a trav\u00e9s de\u00a0<em>streaming<\/em> pels seg\u00fcents canals: YouTube de l&#8217;Ajuntament de Torrent, Facebook de l&#8217;Ajuntament de Torrent i YouTube de Torrent\u00a0Hist\u00f2rica. La programaci\u00f3 es pot consultar en torrenthistorica.com.<\/p>\n<p><img fetchpriority=\"high\" decoding=\"async\" class=\"aligncenter wp-image-46111\" src=\"https:\/\/www.infotorrent.es\/wp-content\/uploads\/2021\/11\/211110_Presentaci\u00f3n-Torrent-Hist\u00f3rica_foto-1.jpg\" alt=\"\" width=\"600\" height=\"400\" \/><br \/>\nUn comen\u00e7ament valenci\u00e0<\/p>\n<p>Seran els dos \u00faltims guanyadors dels\u00a0Premis\u00a0Lletraferit, Rafa Lahuerta i Miquel Nadal, els qui obriran foc en la jornada del dijous. Tant <em>Noruega<\/em> com\u00a0<em>C\u00e0ndid<\/em> miren arrere per a analitzar la desaparici\u00f3 de barris concrets de la ciutat de Val\u00e8ncia i avaluar els canvis que el pas del temps produeix en la seua fisonomia en els \u00e0mbits socioecon\u00f2mic i urban\u00edstic.<\/p>\n<p>Els seguir\u00e0 Marta Robles, que ens parlar\u00e0 de reis que van aprofitar la corona per a espr\u00e9mer la vida i gaudir de capritxos vedats a la resta dels mortals. Ells i elles van anar deixant una gran quantitat d&#8217;episodis amorosos o senzillament sexuals en la rebotiga de la nostra hist\u00f2ria.<\/p>\n<p>&nbsp;<\/p>\n<p><em>Los comuneros<\/em> i <em>Pelayo<\/em>, protagonistes del divendres<\/p>\n<p>El prol\u00edfic i admirat Lorenzo Silva ha demostrat que no solament les seues novel\u00b7les de g\u00e8nere negre triomfen, sin\u00f3 que tamb\u00e9 \u00e9s capa\u00e7 de brillar en clau hist\u00f2rica. <em>Castellano<\/em>, que relata la revolta dels comuners i la batalla de\u00a0Villalar, all\u00e0 pel 1521, \u00e9s la cr\u00f2nica d&#8217;un somni d&#8217;orgull i llibertat enfront de l&#8217;ambici\u00f3 i la cobd\u00edcia de governants intrusos. Abans de la seua trobada amb el p\u00fablic, Silva participar\u00e0 en un club de lectura.<\/p>\n<p>Despr\u00e9s, Jos\u00e9 \u00c1ngel\u00a0Ma\u00f1as, autor de l&#8217;aclamada <em>Historias del\u00a0Kronen<\/em> i autor de <em>\u00a1Pelayo!<\/em>, una revisi\u00f3 de la figura del rei dels gots que va iniciar la Reconquesta, conversar\u00e0 amb Luis\u00a0Zueco, qui en <em>El cirujano de almas<\/em> retrata un jove que encarna el naixement de la medicina moderna a Espanya en temps de Napole\u00f3.<\/p>\n<p>Per a posar fi a la vesprada,\u00a0Separatta\u00a0Teatre protagonitzar\u00e0 l&#8217;espectacle <em>Fuera de las p\u00e0ginas<\/em>, en el qual els personatges prendran l&#8217;escenari per a dialogar amb els seus creadors. Aquesta\u00a0<em>performance<\/em> tamb\u00e9 tancar\u00e0 la vesprada del dissabte.<\/p>\n<p>Un dissabte ple d&#8217;autores<\/p>\n<p>Les escriptores seran protagonistes de la jornada del dissabte. Al mat\u00ed, amb el club de lectura sobre l\u2019escriptora nord-americana\u00a0Dana\u00a0Gynther, autora d\u2019<em>Els banys de l&#8217;almirall<\/em>. A la vesprada, la primera trobada estar\u00e0 protagonitzada per Isabel Barcel\u00f3 i Eva Mar\u00eda Marcos. Totes dues escriptores han retratat amb destresa i rigor les vides de tres dones que van deixar petjada en la hist\u00f2ria. Barcel\u00f3, a\u00a0Lucrecia\u00a0Borgia, i Eva Mar\u00eda Marcos a Josefina Bonaparte i a Martha Washington.<br \/>\nA continuaci\u00f3, Carla Montero i Montserrat Iglesias tamb\u00e9 miraran al passat per a parlar sobre les seues hist\u00f2ries. Montero ha ambientat la seua, <em>El medall\u00f3n de fuego<\/em>, al Berl\u00edn de 1945. Tan sols cinc anys despr\u00e9s transcorre <em>La marca del agua<\/em>, en la qual Montserrat Iglesias evoca el fantasma de l&#8217;Espanya buidada en un lloc anomenat\u00a0Hontanar que prompte ser\u00e0 negat per les aig\u00fces d&#8217;un pant\u00e0.<\/p>\n<p>Lliurament del premi C\u00f2nsol Honorari a Rodrigo Cort\u00e9s<\/p>\n<p>Tancar\u00e0 la jornada del dissabte la xarrada amb Rodrigo Cort\u00e9s, director de cinema i novel\u00b7lista. La conversa girar\u00e0 entorn d&#8217;un recorregut surrealista i cr\u00edtic de l&#8217;Espanya del segle XX. Un escenari\u00a0<em>valleinclanesc,<\/em> que s&#8217;arreplega en <em>Los a\u00f1os extraordinarios<\/em>, i en el qual tenen cabuda l&#8217;arribada de la mar a Salamanca, els cotxes impulsats pel pensament, la guerra d&#8217;Alacant contra Espanya, els\u00a0levitadors o un submar\u00ed que transita per t\u00fanels.<\/p>\n<p>Despr\u00e9s d&#8217;aquesta prometedora conversa, Cort\u00e9s rebr\u00e0 la distinci\u00f3 com a C\u00f2nsol Honorari de Torrent\u00a0Hist\u00f2rica per la seua aportaci\u00f3 a la cultura, des del rigor i la profunditat, per\u00f2 tamb\u00e9 per haver aconseguit participar en una forma d&#8217;expressi\u00f3 popular que ens fa interessar-nos vivament per la cultura.<\/p>\n<p>Ruta hist\u00f2rica, batalla d&#8217;escriptors i taller per a xiquets<\/p>\n<p>A m\u00e9s de les trobades amb autors, Torrent\u00a0Hist\u00f2rica ofereix activitats de car\u00e0cter m\u00e9s l\u00fadic, que es duran a terme el dissabte i el diumenge al mat\u00ed. El dissabte es far\u00e0 una ruta hist\u00f2rica per Torrent, que servir\u00e0 per a descobrir l&#8217;origen de determinats racons pels quals passem habitualment. I per a recordar que enguany se celebra el 773 aniversari de la carta de\u00a0poblament de la ciutat.<\/p>\n<p>El diumenge al mat\u00ed, els xiquets podran assistir a un taller de c\u00f2mic. A partir del c\u00f2mic <em>Una historia de Torrent<\/em>, comptada en sis actes i un ep\u00edleg, xiquets majors de sis anys podran crear una altra hist\u00f2ria de Torrent amb els seus propis dibuixos.<\/p>\n<p>Tancar\u00e0 la tercera edici\u00f3 de \u201cTorrent\u00a0Hist\u00f2rica\u201d la batalla d&#8217;escriptors. Una activitat que garanteix diversi\u00f3. Els escriptors Antonio Garrido, Jordi Llobregat, Eva Mar\u00eda Marcos i Ra\u00fal Borr\u00e1s s&#8217;enfrontaran per torns per a crear hist\u00f2ries breus en tan sols quatre minuts! En la ronda final es formaran dos equips que s&#8217;alternaran per a crear hist\u00f2ries a quatre mans. Les rialles estan assegurades.<\/p>\n<p>Jes\u00fas Ros: \u201cTorrent\u00a0Hist\u00f2rica encaixa amb la nostra manera de fer les coses\u201d<\/p>\n<p>Durant la presentaci\u00f3 de \u201cTorrent\u00a0Hist\u00f2rica\u201d, l&#8217;alcalde de Torrent, Jes\u00fas Ros, ha subratllat \u201cl&#8217;\u00e8xit del festival en edicions anteriors malgrat les dificultats. \u00c9s un festival jove, per\u00f2 ja \u00e9s un cl\u00e0ssic per la seua qualitat, que encaixa en la nostra manera de fer les coses, i per la seua capacitat d&#8217;atraure el p\u00fablic\u201d.<\/p>\n<p>Susi Ferrer: \u201cEl premi C\u00f2nsol Honorari destaca per la rellev\u00e0ncia dels seus guanyadors\u201d<\/p>\n<p>La regidora de Cultura de Torrent,\u00a0Susi Ferrer, tamb\u00e9 ha fet refer\u00e8ncia a \u00a0\u201cl\u2019\u00e8xit, malgrat les dificultats, de les dues primeres edicions. Fins i tot en la segona, que va haver de ser en\u00a0<em>streaming<\/em> i a trav\u00e9s de v\u00eddeos gravats, el p\u00fablic va gaudir despr\u00e9s d&#8217;any i mig de pand\u00e8mia\u201d. Ferrer tamb\u00e9 ha destacat la rellev\u00e0ncia de la figura del c\u00f2nsol honorari, \u201cque ja t\u00e9 un palmar\u00e8s envejable: Santiago\u00a0Posteguillo, Rosa Montero i Rodrigo Cort\u00e9s\u201d.<\/p>\n<p>&nbsp;<\/p>\n<p>Santiago \u00c1lvarez: \u201cUn di\u00e0leg entre el present i el passat\u201d<\/p>\n<p>El director de \u201cTorrent\u00a0Hist\u00f2rica\u201d, Santiago \u00c1lvarez, ha agra\u00eft a l&#8217;Ajuntament de Torrent el seu comprom\u00eds amb el p\u00fablic a trav\u00e9s del festival: \u201cTorrent \u00e9s l&#8217;exemple de corporaci\u00f3 que aposta per la cultura de la manera que ho fa; no solament per la marca, sin\u00f3 tamb\u00e9 per la formaci\u00f3 que posa a l&#8217;abast dels ciutadans, fet que contribueix a construir una societat millor\u201d. Respecte a la imatge del festival, una escultura hel\u00b7l\u00e8nica que parla per\u00a0whatsapp, \u00c1lvarez ha explicat que aquest festival \u201cfuig de la imatge tradicional, i en aquesta ocasi\u00f3, hem volgut representar el di\u00e0leg entre el present i el passat, que \u00e9s l&#8217;objectiu de Torrent\u00a0Hist\u00f2rica\u201d.<\/p>\n<p>Marta Robles: \u201cLa cultura ens serveix per a con\u00e8ixer el m\u00f3n i divertir-nos\u201d<\/p>\n<p>Ha tancat la presentaci\u00f3 l&#8217;escriptora i periodista Marta Robles, qui tamb\u00e9 ha tingut paraules d&#8217;agra\u00efment per a l&#8217;Ajuntament de Torrent, \u201cper l&#8217;enorme esfor\u00e7 que est\u00e0 fent per a posar la cultura en un lloc preferencial. Jo aporte el meu granet d&#8217;arena per a acostar la cultura al p\u00fablic. I el p\u00fablic est\u00e0 responent molt b\u00e9 despr\u00e9s d&#8217;un temps de foscor\u201d. I ha posat l&#8217;\u00e8mfasi a tornar a popularitzar la cultura: \u201cCrec que \u00e9s una cosa essencial, en el m\u00f3n de la cultura, arrabassar-li el grau de solemnitat que li havien posat alguns intel\u00b7lectuals, que tenen la idea que la cultura \u00e9s cosa de pocs, que ha de contenir claus ocultes i ha de ser avorrida. \u00c9s tot el contrari. Ens serveix per a con\u00e8ixer el m\u00f3n i per a divertir-nos\u201d.<\/p>\n<h1><img decoding=\"async\" class=\"aligncenter wp-image-46109\" src=\"https:\/\/www.infotorrent.es\/wp-content\/uploads\/2021\/11\/211110_Presentaci\u00f3n-Torrent-Hist\u00f3rica_Cartel.jpg\" alt=\"\" width=\"430\" height=\"600\" \/><\/h1>\n","protected":false},"excerpt":{"rendered":"<p>Rodrigo Cort\u00e9s ser\u00e0 nomenat C\u00f2nsol Honorari del festival \u201cper haver aconseguit participar en una forma d&#8217;expressi\u00f3 popular que ens fa interessar-nos vivament per la cultura\u201d Lorenzo Silva, autor de Castellano, protagonitzar\u00e0 una trobada amb el p\u00fablic i un club de lectura Marta Robles ens contar\u00e0 les passions carnals dels reis espanyols que van canviar la [&hellip;]<\/p>\n","protected":false},"author":2,"featured_media":14770,"comment_status":"closed","ping_status":"open","sticky":false,"template":"","format":"standard","meta":{"_acf_changed":false,"footnotes":""},"categories":[117,116],"tags":[],"class_list":["post-14768","post","type-post","status-publish","format-standard","has-post-thumbnail","hentry","category-cultura","category-noticies"],"acf":[],"_links":{"self":[{"href":"https:\/\/infotorrent.es\/ca\/wp-json\/wp\/v2\/posts\/14768","targetHints":{"allow":["GET"]}}],"collection":[{"href":"https:\/\/infotorrent.es\/ca\/wp-json\/wp\/v2\/posts"}],"about":[{"href":"https:\/\/infotorrent.es\/ca\/wp-json\/wp\/v2\/types\/post"}],"author":[{"embeddable":true,"href":"https:\/\/infotorrent.es\/ca\/wp-json\/wp\/v2\/users\/2"}],"replies":[{"embeddable":true,"href":"https:\/\/infotorrent.es\/ca\/wp-json\/wp\/v2\/comments?post=14768"}],"version-history":[{"count":0,"href":"https:\/\/infotorrent.es\/ca\/wp-json\/wp\/v2\/posts\/14768\/revisions"}],"wp:featuredmedia":[{"embeddable":true,"href":"https:\/\/infotorrent.es\/ca\/wp-json\/wp\/v2\/media\/14770"}],"wp:attachment":[{"href":"https:\/\/infotorrent.es\/ca\/wp-json\/wp\/v2\/media?parent=14768"}],"wp:term":[{"taxonomy":"category","embeddable":true,"href":"https:\/\/infotorrent.es\/ca\/wp-json\/wp\/v2\/categories?post=14768"},{"taxonomy":"post_tag","embeddable":true,"href":"https:\/\/infotorrent.es\/ca\/wp-json\/wp\/v2\/tags?post=14768"}],"curies":[{"name":"wp","href":"https:\/\/api.w.org\/{rel}","templated":true}]}}