{"id":14751,"date":"2021-11-05T11:04:20","date_gmt":"2021-11-05T11:04:20","guid":{"rendered":"https:\/\/infotorrent.es\/uncategorized\/manuel-aviles-presenta-de-prisiones-putas-y-pistolas-a-la-sala-civica-de-lantic-mercat-de-torrent\/"},"modified":"2021-11-05T11:06:59","modified_gmt":"2021-11-05T11:06:59","slug":"manuel-aviles-presenta-de-prisiones-putas-y-pistolas-a-la-sala-civica-de-lantic-mercat-de-torrent","status":"publish","type":"post","link":"https:\/\/infotorrent.es\/ca\/noticies\/manuel-aviles-presenta-de-prisiones-putas-y-pistolas-a-la-sala-civica-de-lantic-mercat-de-torrent\/","title":{"rendered":"Manuel Avil\u00e9s presenta &#8220;De prisiones, putas y pistolas&#8221; a la sala c\u00edvica de l\u2019Antic Mercat de Torrent"},"content":{"rendered":"<h4 style=\"text-align: center;\"><span style=\"color: #000080;\"><strong>La doctora en Comunicaci\u00f3, Lola Ba\u00f1\u00f3n, i la metgessa, Asunci\u00f3n P\u00e9rez, van participar en l&#8217;acte de presentaci\u00f3 del llibre que revela les estrat\u00e8gies de la denominada \u2018via\u00a0Nanclares\u2019, inici de la fi d&#8217;ETA<\/strong><\/span><\/h4>\n<p>La sala c\u00edvica de l\u2019Antic\u00a0Mercat de Torrent va acollir aquest dimecres, 3 de novembre, la presentaci\u00f3 del llibre <em>De prisiones, putas y pistolas<\/em>, de Manuel Avil\u00e9s, on revela algunes de les seues experi\u00e8ncies durant un per\u00edode en el qual exercia el c\u00e0rrec de Director en el Centre Penitenciari de Nanclares d&#8217;Oca.<\/p>\n<p>L&#8217;esdeveniment va comptar amb la pres\u00e8ncia de l&#8217;alcalde de la ciutat Jes\u00fas Ros, qui, despr\u00e9s d&#8217;un discurs de benvinguda, va agrair a l&#8217;autor la seua pres\u00e8ncia i va donar pas a les intervencions de Lola Ba\u00f1\u00f3n, periodista especialitzada en terrorisme d&#8217;Orient mitj\u00e0 i el Mediterrani, i d&#8217;Asunci\u00f3n P\u00e9rez, m\u00e8dica i Defensora de les persones majors a Val\u00e8ncia, les quals van fer aportacions i comentaris a l&#8217;obra que es presentava. Tamb\u00e9 van acudir representants del teixit associatiu, cultural i pol\u00edtic de la prov\u00edncia, com els alcaldes de Picanya, Josep Almenar, d&#8217;Albal, Ram\u00f3n Mar\u00ed, i el d&#8217;Aldaia, Guillermo Luj\u00e1n, a m\u00e9s de les diputades provincials Pilar Molina i Empar Folgado, i la diputada en les Corts, Trini Castell\u00f3, en companyia del Secretari Auton\u00f2mic de Seguretat i Emerg\u00e8ncies de la Generalitat Valenciana, Jos\u00e9 Mar\u00eda \u00c1ngel Batalla.<\/p>\n<p>Per part seua, Manuel Avil\u00e9s, que va recordar la figura d&#8217;Antonio Asunci\u00f3n com a inspiraci\u00f3 i motiu per a escriure el llibre, va compartir amb els assistents les claus per a comprendre un per\u00edode de la hist\u00f2ria del nostre pa\u00eds sobre el qual \u201cencara queden veritats per escriure\u201d.<\/p>\n<p><em><img fetchpriority=\"high\" decoding=\"async\" class=\"aligncenter wp-image-46056\" src=\"https:\/\/www.infotorrent.es\/wp-content\/uploads\/2021\/11\/211104-Presentaci\u00f3n-Manuel-Avil\u00e9s_4.jpg\" alt=\"\" width=\"600\" height=\"400\" \/><\/em><\/p>\n<p><em>De prisiones, putas y pistolas<\/em><\/p>\n<p><em>De prisiones, putas y pistolas<\/em> \u00e9s la hist\u00f2ria de com dos amics van idear un pla i el van dur a terme, des de les oficines i sense reconeixements p\u00fablics. \u00c9s tamb\u00e9 el llibre on es conta el comen\u00e7ament de la fi de la banda armada ETA: la via\u00a0Nanclares.<\/p>\n<p>En 1991 es va produir per primera vegada una fissura en la direcci\u00f3 de la banda terrorista ETA per unes declaracions d&#8217;alguns membres de l&#8217;organitzaci\u00f3 que q\u00fcestionaven l&#8217;estrat\u00e8gia de la c\u00fapula. En aquells dies, Manuel Avil\u00e9s era el Director del Centre Penitenciari de Nanclares d&#8217;Oca, a \u00c0laba, i el seu amic Antonio Asunci\u00f3n ostentava el c\u00e0rrec de Secretari General d&#8217;Institucions Penitenci\u00e0ries, i posteriorment nomenat Ministre d&#8217;Interior. Entre Antonio i l&#8217;autor del llibre van dur a terme una maniobra que acabaria amb la dispersi\u00f3 dels presos d&#8217;ETA, considerat aquest fet com una estrat\u00e8gia de la lluita antiterrorista que va aconseguir implicar gran part de l&#8217;opini\u00f3 p\u00fablica.<\/p>\n<p>En un apassionant relat, Manuel Avil\u00e9s descriu aquells dies des de la mem\u00f2ria personal i ens ofereix el testimoniatge d&#8217;uns fets que van suposar el principi de la fi d&#8217;ETA. La denominada &#8220;via\u00a0Nanclares&#8221;, ideada per Antonio Asunci\u00f3n i pel mateix Manuel Avil\u00e9s, va aconseguir trencar les costures de la f\u00e8rria disciplina amb qu\u00e8 l&#8217;organitzaci\u00f3 terrorista tenia sotmesos els seus propis presos. Des d\u2019aleshores, alguns etarres condemnats van manifestar que no estaven d&#8217;acord amb l&#8217;espiral de viol\u00e8ncia que seguia la banda armada amb l\u2019objectiu de \u201csocialitzar\u201d el sofriment i incloure a xiquets en els cada vegada m\u00e9s indiscriminats atacs.<\/p>\n<p><img decoding=\"async\" class=\"aligncenter wp-image-46058\" src=\"https:\/\/www.infotorrent.es\/wp-content\/uploads\/2021\/11\/211104-Presentaci\u00f3n-Manuel-Avil\u00e9s_3.jpg\" alt=\"\" width=\"600\" height=\"400\" \/><\/p>\n","protected":false},"excerpt":{"rendered":"<p>La doctora en Comunicaci\u00f3, Lola Ba\u00f1\u00f3n, i la metgessa, Asunci\u00f3n P\u00e9rez, van participar en l&#8217;acte de presentaci\u00f3 del llibre que revela les estrat\u00e8gies de la denominada \u2018via\u00a0Nanclares\u2019, inici de la fi d&#8217;ETA La sala c\u00edvica de l\u2019Antic\u00a0Mercat de Torrent va acollir aquest dimecres, 3 de novembre, la presentaci\u00f3 del llibre De prisiones, putas y pistolas, [&hellip;]<\/p>\n","protected":false},"author":2,"featured_media":14753,"comment_status":"closed","ping_status":"open","sticky":false,"template":"","format":"standard","meta":{"_acf_changed":false,"footnotes":""},"categories":[117,116],"tags":[],"class_list":["post-14751","post","type-post","status-publish","format-standard","has-post-thumbnail","hentry","category-cultura","category-noticies"],"acf":[],"_links":{"self":[{"href":"https:\/\/infotorrent.es\/ca\/wp-json\/wp\/v2\/posts\/14751","targetHints":{"allow":["GET"]}}],"collection":[{"href":"https:\/\/infotorrent.es\/ca\/wp-json\/wp\/v2\/posts"}],"about":[{"href":"https:\/\/infotorrent.es\/ca\/wp-json\/wp\/v2\/types\/post"}],"author":[{"embeddable":true,"href":"https:\/\/infotorrent.es\/ca\/wp-json\/wp\/v2\/users\/2"}],"replies":[{"embeddable":true,"href":"https:\/\/infotorrent.es\/ca\/wp-json\/wp\/v2\/comments?post=14751"}],"version-history":[{"count":0,"href":"https:\/\/infotorrent.es\/ca\/wp-json\/wp\/v2\/posts\/14751\/revisions"}],"wp:featuredmedia":[{"embeddable":true,"href":"https:\/\/infotorrent.es\/ca\/wp-json\/wp\/v2\/media\/14753"}],"wp:attachment":[{"href":"https:\/\/infotorrent.es\/ca\/wp-json\/wp\/v2\/media?parent=14751"}],"wp:term":[{"taxonomy":"category","embeddable":true,"href":"https:\/\/infotorrent.es\/ca\/wp-json\/wp\/v2\/categories?post=14751"},{"taxonomy":"post_tag","embeddable":true,"href":"https:\/\/infotorrent.es\/ca\/wp-json\/wp\/v2\/tags?post=14751"}],"curies":[{"name":"wp","href":"https:\/\/api.w.org\/{rel}","templated":true}]}}