{"id":14745,"date":"2021-11-04T12:22:08","date_gmt":"2021-11-04T12:22:08","guid":{"rendered":"https:\/\/infotorrent.es\/uncategorized\/ana-torrent-alicia-borrachero-i-jorge-calvo-protagonitzen-las-criadas-de-jean-genet\/"},"modified":"2021-11-04T12:23:56","modified_gmt":"2021-11-04T12:23:56","slug":"ana-torrent-alicia-borrachero-i-jorge-calvo-protagonitzen-las-criadas-de-jean-genet","status":"publish","type":"post","link":"https:\/\/infotorrent.es\/ca\/noticies\/ana-torrent-alicia-borrachero-i-jorge-calvo-protagonitzen-las-criadas-de-jean-genet\/","title":{"rendered":"Ana Torrent, Alicia Borrachero i Jorge Calvo protagonitzen \u2018Las Criadas\u2019 de Jean Genet"},"content":{"rendered":"<h4 style=\"text-align: center;\"><span style=\"color: #000080;\"><strong>Torrent, la pr\u00f2xima parada de \u2018Las Criadas\u2019 en la seua gira pel territori nacional<\/strong><\/span><\/h4>\n<p>El pr\u00f2xim 7 de novembre en l\u2019Auditori de Torrent tindr\u00e0 lloc la pr\u00f2xima parada de la seua gira pel territori nacional, l&#8217;obra <em>Las Criadas<\/em>. Una obra de Jean Genet estrenada a Par\u00eds en 1947 que descriu el subm\u00f3n de les criades, un subm\u00f3n que guardaria cert paral\u00b7lelisme amb el propi subm\u00f3n de l&#8217;autor.<\/p>\n<p>L&#8217;obra, considerada una dels textos dram\u00e0tics claus del teatre del segle XX, conta la hist\u00f2ria de les germanes Claire (Ana Torrent) i Solange (Alicia Borrachero), les criades d&#8217;una senyora (Jorge Pardo) de l&#8217;alta burgesia francesa. Les criades inicien totes les nits una cerim\u00f2nia perversa, on la realitat i la ficci\u00f3 es mesclen en un perill\u00f3s joc de canvi d&#8217;identitats. Claire \u00e9s la senyora i Solange \u00e9s Claire. Solange \u00e9s la Senyora i Claire \u00e9s Solange, les germanes alternen els papers constantment. La senyora representa per a elles el cim de la pir\u00e0mide, la llum on es reflecteix el desig de ser una altra. La malvolen\u00e7a i la r\u00e0bia de ser conscients de la seua destinaci\u00f3 de criades els portar\u00e0, d&#8217;una manera inevitable, a un desenlla\u00e7 fatal.<\/p>\n<p>Quant a l&#8217;elecci\u00f3 dels actors per a cada paper, el director Lu\u00eds Luque argumenta que: \u201cAmb Ana, ja ens hav\u00edem enamorat i vol\u00edem continuar explorant junts, vaig trobar a la Claire perfecta. D&#8217;Alicia nom\u00e9s puc expressar el meu agra\u00efment i la meua admiraci\u00f3. Una for\u00e7a commovedora i una veritat interpretativa recorren l&#8217;\u00e0nima d&#8217;Alicia per a abordar el personatge de Solange. La senyora \u00e9s Jorge Calvo, l&#8217;elecci\u00f3 d&#8217;un actor per a interpretar a la senyora \u00e9s un clar s\u00edmbol per a entendre l&#8217;univers de Genet.\u201d<\/p>\n<p><em>Las Criadas<\/em> arribar\u00e0 a l\u2019Auditori de Torrent el 7 de novembre a les 19.00h. Les entrades per a la representaci\u00f3 ja es troben a la venda en la p\u00e0gina web de l\u2019Auditori, www.auditoritorrent.com, on es troba tota la informaci\u00f3 sobre la seua compra venda.<\/p>\n<p><img fetchpriority=\"high\" decoding=\"async\" class=\"aligncenter wp-image-46039\" src=\"https:\/\/www.infotorrent.es\/wp-content\/uploads\/2021\/11\/211103-Las-Criadas.jpg\" alt=\"\" width=\"424\" height=\"600\" \/><\/p>\n","protected":false},"excerpt":{"rendered":"<p>Torrent, la pr\u00f2xima parada de \u2018Las Criadas\u2019 en la seua gira pel territori nacional El pr\u00f2xim 7 de novembre en l\u2019Auditori de Torrent tindr\u00e0 lloc la pr\u00f2xima parada de la seua gira pel territori nacional, l&#8217;obra Las Criadas. Una obra de Jean Genet estrenada a Par\u00eds en 1947 que descriu el subm\u00f3n de les criades, [&hellip;]<\/p>\n","protected":false},"author":2,"featured_media":14747,"comment_status":"closed","ping_status":"open","sticky":false,"template":"","format":"standard","meta":{"_acf_changed":false,"footnotes":""},"categories":[117,116],"tags":[],"class_list":["post-14745","post","type-post","status-publish","format-standard","has-post-thumbnail","hentry","category-cultura","category-noticies"],"acf":[],"_links":{"self":[{"href":"https:\/\/infotorrent.es\/ca\/wp-json\/wp\/v2\/posts\/14745","targetHints":{"allow":["GET"]}}],"collection":[{"href":"https:\/\/infotorrent.es\/ca\/wp-json\/wp\/v2\/posts"}],"about":[{"href":"https:\/\/infotorrent.es\/ca\/wp-json\/wp\/v2\/types\/post"}],"author":[{"embeddable":true,"href":"https:\/\/infotorrent.es\/ca\/wp-json\/wp\/v2\/users\/2"}],"replies":[{"embeddable":true,"href":"https:\/\/infotorrent.es\/ca\/wp-json\/wp\/v2\/comments?post=14745"}],"version-history":[{"count":0,"href":"https:\/\/infotorrent.es\/ca\/wp-json\/wp\/v2\/posts\/14745\/revisions"}],"wp:featuredmedia":[{"embeddable":true,"href":"https:\/\/infotorrent.es\/ca\/wp-json\/wp\/v2\/media\/14747"}],"wp:attachment":[{"href":"https:\/\/infotorrent.es\/ca\/wp-json\/wp\/v2\/media?parent=14745"}],"wp:term":[{"taxonomy":"category","embeddable":true,"href":"https:\/\/infotorrent.es\/ca\/wp-json\/wp\/v2\/categories?post=14745"},{"taxonomy":"post_tag","embeddable":true,"href":"https:\/\/infotorrent.es\/ca\/wp-json\/wp\/v2\/tags?post=14745"}],"curies":[{"name":"wp","href":"https:\/\/api.w.org\/{rel}","templated":true}]}}