{"id":14712,"date":"2021-10-28T08:22:25","date_gmt":"2021-10-28T08:22:25","guid":{"rendered":"https:\/\/infotorrent.es\/uncategorized\/el-festival-a-la-tardor-plena-de-musica-el-cap-de-setmana-a-torrent\/"},"modified":"2021-10-28T08:24:05","modified_gmt":"2021-10-28T08:24:05","slug":"el-festival-a-la-tardor-plena-de-musica-el-cap-de-setmana-a-torrent","status":"publish","type":"post","link":"https:\/\/infotorrent.es\/ca\/noticies\/el-festival-a-la-tardor-plena-de-musica-el-cap-de-setmana-a-torrent\/","title":{"rendered":"El Festival a la Tardor ompli de m\u00fasica el cap de setmana a Torrent"},"content":{"rendered":"<h4 style=\"text-align: center;\"><span style=\"color: #000080;\"><strong>L&#8217;artista local Ra\u00fal Ogalla, amb els guanyadors del concurs \u2018Talents de Casa\u2019, i l&#8217;espectacle musical \u2018Grans Veus\u2019 van protagonitzar les actuacions musicals del cap de setmana a la ciutat<\/strong><\/span><\/h4>\n<p>El Festival a la\u00a0Tardor 2021 que organitza l&#8217;Ajuntament de Torrent va arrancar amb les primeres actuacions d&#8217;aquest passat cap de setmana.<br \/>\nLa primera de les actuacions programades en l&#8217;agenda del festival, que comptava amb les veus de Pascual Andreu i Saray Garc\u00eda, va haver de ser suspesa pel risc de fortes tempestes que el Centre de Coordinaci\u00f3 d&#8217;Emerg\u00e8ncies de la Generalitat havia anunciat per a la vesprada de divendres. Tot i aix\u00f2, la jornada de dissabte va poder dur-se a terme d\u2019acord amb el que estava previst, i l&#8217;escenari de la\u00a0pla\u00e7a\u00a0Major va acollir l&#8217;espectacle musical <em>Grans Veus,<\/em> amb les actuacions de Manu Rodr\u00edguez, Laura\u00a0Monsalve i Germ\u00e1n\u00a0Scasso, que van fer un recorregut pel panorama musical actual amb la interpretaci\u00f3 de les can\u00e7ons de la teua vida.<\/p>\n<p>La vesprada de diumenge els\u00a0torrentins i les\u00a0torrentines van gaudir d&#8217;un altre espectacle musical que reun\u00ed l&#8217;artista local Ra\u00fal\u00a0Ogalla -conegut per haver arribat a la final d&#8217;un\u00a0talent xou televisiu amb una actuaci\u00f3 que \u00e9s un tribut a Manuel Carrasco- amb Alba Carmona i Pedro Soto; finalment, \u00c1ngela Mart\u00ednez no va poder assistir al concert. Tots ells foren els guanyadors de la passada edici\u00f3 del concurs\u00a0\u2018Talents de casa\u2019, una iniciativa que va sorgir de l&#8217;Ajuntament per a oferir entreteniment als ve\u00efns de la ciutat durant aquells dies del confinament.<br \/>\nI aix\u00ed, finalitzat el primer cap de setmana del Festival a la\u00a0Tardor, queda esperar la pr\u00f2xima actuaci\u00f3, que portar\u00e0 Mr.\u00a0Kilombo a la ciutat; aix\u00f2 ser\u00e0 dissabte, 30 d&#8217;octubre a les 21.00 h, en l&#8217;\u00c0gora\u00a0Sound. Un concert debades per al qual \u00fanicament \u00e9s necessari reservar l&#8217;entrada a trav\u00e9s del web de l&#8217;Ajuntament, ja que ha d&#8217;adaptar-se a les normes sobre capacitat en recintes d&#8217;espectacles.<\/p>\n<p>&nbsp;<\/p>\n<p><strong><img fetchpriority=\"high\" decoding=\"async\" class=\"aligncenter wp-image-45947\" src=\"https:\/\/www.infotorrent.es\/wp-content\/uploads\/2021\/10\/211026_primer-finde-del-Festival-a-la-Tardor-3.jpg\" alt=\"\" width=\"600\" height=\"400\" \/><\/strong><\/p>\n<p><strong><img decoding=\"async\" class=\"aligncenter wp-image-45945\" src=\"https:\/\/www.infotorrent.es\/wp-content\/uploads\/2021\/10\/211026_primer-finde-del-Festival-a-la-Tardor-2.jpg\" alt=\"\" width=\"600\" height=\"400\" \/>\u00a0<\/strong><\/p>\n","protected":false},"excerpt":{"rendered":"<p>L&#8217;artista local Ra\u00fal Ogalla, amb els guanyadors del concurs \u2018Talents de Casa\u2019, i l&#8217;espectacle musical \u2018Grans Veus\u2019 van protagonitzar les actuacions musicals del cap de setmana a la ciutat El Festival a la\u00a0Tardor 2021 que organitza l&#8217;Ajuntament de Torrent va arrancar amb les primeres actuacions d&#8217;aquest passat cap de setmana. La primera de les actuacions [&hellip;]<\/p>\n","protected":false},"author":2,"featured_media":14714,"comment_status":"closed","ping_status":"open","sticky":false,"template":"","format":"standard","meta":{"_acf_changed":false,"footnotes":""},"categories":[117,116],"tags":[],"class_list":["post-14712","post","type-post","status-publish","format-standard","has-post-thumbnail","hentry","category-cultura","category-noticies"],"acf":[],"_links":{"self":[{"href":"https:\/\/infotorrent.es\/ca\/wp-json\/wp\/v2\/posts\/14712","targetHints":{"allow":["GET"]}}],"collection":[{"href":"https:\/\/infotorrent.es\/ca\/wp-json\/wp\/v2\/posts"}],"about":[{"href":"https:\/\/infotorrent.es\/ca\/wp-json\/wp\/v2\/types\/post"}],"author":[{"embeddable":true,"href":"https:\/\/infotorrent.es\/ca\/wp-json\/wp\/v2\/users\/2"}],"replies":[{"embeddable":true,"href":"https:\/\/infotorrent.es\/ca\/wp-json\/wp\/v2\/comments?post=14712"}],"version-history":[{"count":0,"href":"https:\/\/infotorrent.es\/ca\/wp-json\/wp\/v2\/posts\/14712\/revisions"}],"wp:featuredmedia":[{"embeddable":true,"href":"https:\/\/infotorrent.es\/ca\/wp-json\/wp\/v2\/media\/14714"}],"wp:attachment":[{"href":"https:\/\/infotorrent.es\/ca\/wp-json\/wp\/v2\/media?parent=14712"}],"wp:term":[{"taxonomy":"category","embeddable":true,"href":"https:\/\/infotorrent.es\/ca\/wp-json\/wp\/v2\/categories?post=14712"},{"taxonomy":"post_tag","embeddable":true,"href":"https:\/\/infotorrent.es\/ca\/wp-json\/wp\/v2\/tags?post=14712"}],"curies":[{"name":"wp","href":"https:\/\/api.w.org\/{rel}","templated":true}]}}