{"id":14709,"date":"2021-10-28T08:16:05","date_gmt":"2021-10-28T08:16:05","guid":{"rendered":"https:\/\/infotorrent.es\/uncategorized\/torrent-mostra-la-seua-solidaritat-en-la-lluita-contra-el-cancer\/"},"modified":"2021-10-28T08:17:43","modified_gmt":"2021-10-28T08:17:43","slug":"torrent-mostra-la-seua-solidaritat-en-la-lluita-contra-el-cancer","status":"publish","type":"post","link":"https:\/\/infotorrent.es\/ca\/noticies\/torrent-mostra-la-seua-solidaritat-en-la-lluita-contra-el-cancer\/","title":{"rendered":"Torrent mostra la seua solidaritat en la lluita contra el c\u00e0ncer"},"content":{"rendered":"<h4 style=\"text-align: center;\"><strong><span style=\"color: #000080;\">L&#8217;Associaci\u00f3 Contra el C\u00e0ncer de Torrent recapta 8.150 euros durant el cap de setmana<\/span><\/strong><\/h4>\n<p>&nbsp;<\/p>\n<p>L&#8217;Associaci\u00f3 Espanyola Contra el C\u00e0ncer de Torrent ha organitzat el passat cap de setmana una campanya de col\u00b7lecta amb l&#8217;objectiu d\u2019incrementar els recursos per a la lluita contra el c\u00e0ncer. Durant els dies 23 i 24 d&#8217;octubre s&#8217;ha aconseguit la xifra de 8.150 euros, tot i que encara no s\u2019han incl\u00f2s en el total de la recaptaci\u00f3 algunes xicotetes quantitats de taules que encara no s&#8217;han comptabilitzat; una mostra de la solidaritat dels ve\u00efns i ve\u00efnes de Torrent.<\/p>\n<p>La iniciativa va reunir destacades personalitats de la societat torrentina, associacions locals i altres entitats socials i culturals de la ciutat. Com cada any, han participat en aquest acte de col\u00b7laboraci\u00f3 amb la Junta Local de l\u2019\u00a0AECC: les comissions de les falles de Torrent, amb representaci\u00f3 de les falleres majors i les seues corts; la reina de l\u2019Encontre i les seues cambreres; la musa de la M\u00fasica de la Uni\u00f3 Musical de Torrent; representants de la federaci\u00f3 de Moros i Cristians de Torrent; ARTIC; l&#8217;Associaci\u00f3\u00a0T\u00e8cniques Orientals; Corazones Abiertos; Adisto; les ames de casa Tyrius; i l&#8217;Associaci\u00f3 de \u00a0Castella-la\u00a0Manxa; a m\u00e9s de col\u00b7laboradors i voluntaris an\u00f2nims als qui l&#8217;associaci\u00f3 contra el c\u00e0ncer de Torrent vol fer extensiu l\u2019agra\u00efment.<br \/>\nEls\u00a0torrentins i les\u00a0torrentines han demostrat una vegada m\u00e9s que Torrent \u00e9s una ciutat que es bolca amb les accions solid\u00e0ries i s&#8217;implica en aquestes iniciatives.<br \/>\n<strong><br \/>\n<\/strong><\/p>\n<p>&nbsp;<\/p>\n<p><img fetchpriority=\"high\" decoding=\"async\" class=\"aligncenter wp-image-45937\" src=\"https:\/\/www.infotorrent.es\/wp-content\/uploads\/2021\/10\/211026_Cuestaci\u00f3n-c\u00e1ncer-2.jpeg\" alt=\"\" width=\"600\" height=\"277\" \/><\/p>\n<p><img decoding=\"async\" class=\"aligncenter wp-image-45939\" src=\"https:\/\/www.infotorrent.es\/wp-content\/uploads\/2021\/10\/211026_Cuestaci\u00f3n-c\u00e1ncer-4.jpeg\" alt=\"\" width=\"600\" height=\"450\" \/><\/p>\n","protected":false},"excerpt":{"rendered":"<p>L&#8217;Associaci\u00f3 Contra el C\u00e0ncer de Torrent recapta 8.150 euros durant el cap de setmana &nbsp; L&#8217;Associaci\u00f3 Espanyola Contra el C\u00e0ncer de Torrent ha organitzat el passat cap de setmana una campanya de col\u00b7lecta amb l&#8217;objectiu d\u2019incrementar els recursos per a la lluita contra el c\u00e0ncer. Durant els dies 23 i 24 d&#8217;octubre s&#8217;ha aconseguit la [&hellip;]<\/p>\n","protected":false},"author":2,"featured_media":14711,"comment_status":"closed","ping_status":"open","sticky":false,"template":"","format":"standard","meta":{"_acf_changed":false,"footnotes":""},"categories":[116,151],"tags":[],"class_list":["post-14709","post","type-post","status-publish","format-standard","has-post-thumbnail","hentry","category-noticies","category-sanitat"],"acf":[],"_links":{"self":[{"href":"https:\/\/infotorrent.es\/ca\/wp-json\/wp\/v2\/posts\/14709","targetHints":{"allow":["GET"]}}],"collection":[{"href":"https:\/\/infotorrent.es\/ca\/wp-json\/wp\/v2\/posts"}],"about":[{"href":"https:\/\/infotorrent.es\/ca\/wp-json\/wp\/v2\/types\/post"}],"author":[{"embeddable":true,"href":"https:\/\/infotorrent.es\/ca\/wp-json\/wp\/v2\/users\/2"}],"replies":[{"embeddable":true,"href":"https:\/\/infotorrent.es\/ca\/wp-json\/wp\/v2\/comments?post=14709"}],"version-history":[{"count":0,"href":"https:\/\/infotorrent.es\/ca\/wp-json\/wp\/v2\/posts\/14709\/revisions"}],"wp:featuredmedia":[{"embeddable":true,"href":"https:\/\/infotorrent.es\/ca\/wp-json\/wp\/v2\/media\/14711"}],"wp:attachment":[{"href":"https:\/\/infotorrent.es\/ca\/wp-json\/wp\/v2\/media?parent=14709"}],"wp:term":[{"taxonomy":"category","embeddable":true,"href":"https:\/\/infotorrent.es\/ca\/wp-json\/wp\/v2\/categories?post=14709"},{"taxonomy":"post_tag","embeddable":true,"href":"https:\/\/infotorrent.es\/ca\/wp-json\/wp\/v2\/tags?post=14709"}],"curies":[{"name":"wp","href":"https:\/\/api.w.org\/{rel}","templated":true}]}}