{"id":14700,"date":"2021-10-27T11:28:08","date_gmt":"2021-10-27T11:28:08","guid":{"rendered":"https:\/\/infotorrent.es\/uncategorized\/berna-blanch-presenta-el-seu-poemari-dolmen\/"},"modified":"2021-10-27T11:30:15","modified_gmt":"2021-10-27T11:30:15","slug":"berna-blanch-presenta-el-seu-poemari-dolmen","status":"publish","type":"post","link":"https:\/\/infotorrent.es\/ca\/noticies\/berna-blanch-presenta-el-seu-poemari-dolmen\/","title":{"rendered":"Berna Blanch presenta el seu poemari Dolmen"},"content":{"rendered":"<p>El Museu Comarcal de l&#8217;Horta\u00a0Sud va acollir la vesprada de dijous, la presentaci\u00f3 del nou poemari de Berna Blanch: <em>Dolmen<\/em>. L&#8217;acte, organitzat per l\u2019Oficina de Promoci\u00f3 i \u00das del Valenci\u00e0, va comptar amb la intervenci\u00f3 de Jes\u00fas\u00a0Figuerola (editor) i de Berna Blanch (autor del poemari). La vetlada va estar amenitzada amb un recital musicat a c\u00e0rrec de\u00a0Zequi Castellano i el flautista Ramon\u00a0Bres\u00f3, i va comptar amb la pres\u00e8ncia de la regidora d&#8217;Educaci\u00f3 i Dinamitzaci\u00f3 Ling\u00fc\u00edstica, Patricia S\u00e1ez. <img fetchpriority=\"high\" decoding=\"async\" class=\"aligncenter wp-image-45911\" src=\"https:\/\/www.infotorrent.es\/wp-content\/uploads\/2021\/10\/9D3E8768-7302-4280-AEC5-1B3702264D6F_1_105_c.jpeg\" alt=\"\" width=\"400\" height=\"267\" \/><img decoding=\"async\" class=\"aligncenter wp-image-45913\" src=\"https:\/\/www.infotorrent.es\/wp-content\/uploads\/2021\/10\/AEE57604-0B6E-43ED-9386-24019CD6EB32_1_105_c.jpeg\" alt=\"\" width=\"400\" height=\"267\" \/><\/p>\n","protected":false},"excerpt":{"rendered":"<p>El Museu Comarcal de l&#8217;Horta\u00a0Sud va acollir la vesprada de dijous, la presentaci\u00f3 del nou poemari de Berna Blanch: Dolmen. L&#8217;acte, organitzat per l\u2019Oficina de Promoci\u00f3 i \u00das del Valenci\u00e0, va comptar amb la intervenci\u00f3 de Jes\u00fas\u00a0Figuerola (editor) i de Berna Blanch (autor del poemari). La vetlada va estar amenitzada amb un recital musicat a [&hellip;]<\/p>\n","protected":false},"author":2,"featured_media":14702,"comment_status":"closed","ping_status":"open","sticky":false,"template":"","format":"standard","meta":{"_acf_changed":false,"footnotes":""},"categories":[117,135,116],"tags":[],"class_list":["post-14700","post","type-post","status-publish","format-standard","has-post-thumbnail","hentry","category-cultura","category-dinamitzacio-linguistica","category-noticies"],"acf":[],"_links":{"self":[{"href":"https:\/\/infotorrent.es\/ca\/wp-json\/wp\/v2\/posts\/14700","targetHints":{"allow":["GET"]}}],"collection":[{"href":"https:\/\/infotorrent.es\/ca\/wp-json\/wp\/v2\/posts"}],"about":[{"href":"https:\/\/infotorrent.es\/ca\/wp-json\/wp\/v2\/types\/post"}],"author":[{"embeddable":true,"href":"https:\/\/infotorrent.es\/ca\/wp-json\/wp\/v2\/users\/2"}],"replies":[{"embeddable":true,"href":"https:\/\/infotorrent.es\/ca\/wp-json\/wp\/v2\/comments?post=14700"}],"version-history":[{"count":0,"href":"https:\/\/infotorrent.es\/ca\/wp-json\/wp\/v2\/posts\/14700\/revisions"}],"wp:featuredmedia":[{"embeddable":true,"href":"https:\/\/infotorrent.es\/ca\/wp-json\/wp\/v2\/media\/14702"}],"wp:attachment":[{"href":"https:\/\/infotorrent.es\/ca\/wp-json\/wp\/v2\/media?parent=14700"}],"wp:term":[{"taxonomy":"category","embeddable":true,"href":"https:\/\/infotorrent.es\/ca\/wp-json\/wp\/v2\/categories?post=14700"},{"taxonomy":"post_tag","embeddable":true,"href":"https:\/\/infotorrent.es\/ca\/wp-json\/wp\/v2\/tags?post=14700"}],"curies":[{"name":"wp","href":"https:\/\/api.w.org\/{rel}","templated":true}]}}