{"id":14691,"date":"2021-10-22T09:14:12","date_gmt":"2021-10-22T09:14:12","guid":{"rendered":"https:\/\/infotorrent.es\/uncategorized\/torrent-presenta-el-primer-festival-de-musica-i-artesania-vejazz\/"},"modified":"2021-10-27T11:06:51","modified_gmt":"2021-10-27T11:06:51","slug":"torrent-presenta-el-primer-festival-de-musica-i-artesania-vejazz","status":"publish","type":"post","link":"https:\/\/infotorrent.es\/ca\/noticies\/torrent-presenta-el-primer-festival-de-musica-i-artesania-vejazz\/","title":{"rendered":"Torrent presenta el primer festival de m\u00fasica i artesania VEJAZZ"},"content":{"rendered":"<h4><strong><span style=\"color: #333399;\">M\u00fasica en directe i un mercat de productes artesans locals en un entorn natural, en la vesprada de dissabte, 23 d&#8217;octubre<\/span><\/p>\n<p><\/strong><\/h4>\n<p>L&#8217;Ajuntament de Torrent, per mitj\u00e0 de l&#8217;\u00c0rea de Cultura, ha col\u00b7laborat amb l&#8217;Associaci\u00f3 de Ve\u00efns del\u00a0Vedat en l&#8217;organitzaci\u00f3 d&#8217;un festival que uneix la m\u00fasica de jazz i productes artesans.<\/p>\n<p>El Vejazz inicia aquesta marxa amb una primera edici\u00f3 en la qual els ve\u00efns del\u00a0Vedat han posat gran il\u00b7lusi\u00f3, amb la intenci\u00f3 de fer possible una trobada cultural en un entorn natural, on tots els assistents gaudisquen de la m\u00fasica de jazz en directe i del bon fer dels artesans que estaran presents en aquesta mostra.<br \/>\nEl festival\u00a0Vejazz comptar\u00e0 amb els concerts de jazz de\u00a0Baptiste\u00a0Bailly Trio, Prisma Trio i Mar\u00eda Gil i Joan Soler, a m\u00e9s de presentar una fira d&#8217;artesania i un espai d&#8217;oci per a oferir menjar i beguda, en una activitat gratu\u00efta i per a tots els p\u00fablics que s&#8217;instal\u00b7lar\u00e0 aquest pr\u00f2xim dissabte, dia 23 d&#8217;octubre, a partir de les 18.30 h, al carrer de la Font de Sant Llu\u00eds n\u00famero 4, al costat de la seu de l&#8217;associaci\u00f3. <img fetchpriority=\"high\" decoding=\"async\" class=\"aligncenter wp-image-45885\" src=\"https:\/\/www.infotorrent.es\/wp-content\/uploads\/2021\/10\/211021_Festival-Vejazz_cartel-vejazz-1.jpg\" alt=\"\" width=\"600\" height=\"780\" \/><img decoding=\"async\" class=\"aligncenter wp-image-45887\" src=\"https:\/\/www.infotorrent.es\/wp-content\/uploads\/2021\/10\/211021_Festival-Vejazz_programa-vejazz-2.jpg\" alt=\"\" width=\"600\" height=\"750\" \/><\/p>\n","protected":false},"excerpt":{"rendered":"<p>M\u00fasica en directe i un mercat de productes artesans locals en un entorn natural, en la vesprada de dissabte, 23 d&#8217;octubre L&#8217;Ajuntament de Torrent, per mitj\u00e0 de l&#8217;\u00c0rea de Cultura, ha col\u00b7laborat amb l&#8217;Associaci\u00f3 de Ve\u00efns del\u00a0Vedat en l&#8217;organitzaci\u00f3 d&#8217;un festival que uneix la m\u00fasica de jazz i productes artesans. El Vejazz inicia aquesta marxa [&hellip;]<\/p>\n","protected":false},"author":2,"featured_media":14693,"comment_status":"closed","ping_status":"open","sticky":false,"template":"","format":"standard","meta":{"_acf_changed":false,"footnotes":""},"categories":[117,116],"tags":[],"class_list":["post-14691","post","type-post","status-publish","format-standard","has-post-thumbnail","hentry","category-cultura","category-noticies"],"acf":[],"_links":{"self":[{"href":"https:\/\/infotorrent.es\/ca\/wp-json\/wp\/v2\/posts\/14691","targetHints":{"allow":["GET"]}}],"collection":[{"href":"https:\/\/infotorrent.es\/ca\/wp-json\/wp\/v2\/posts"}],"about":[{"href":"https:\/\/infotorrent.es\/ca\/wp-json\/wp\/v2\/types\/post"}],"author":[{"embeddable":true,"href":"https:\/\/infotorrent.es\/ca\/wp-json\/wp\/v2\/users\/2"}],"replies":[{"embeddable":true,"href":"https:\/\/infotorrent.es\/ca\/wp-json\/wp\/v2\/comments?post=14691"}],"version-history":[{"count":0,"href":"https:\/\/infotorrent.es\/ca\/wp-json\/wp\/v2\/posts\/14691\/revisions"}],"wp:featuredmedia":[{"embeddable":true,"href":"https:\/\/infotorrent.es\/ca\/wp-json\/wp\/v2\/media\/14693"}],"wp:attachment":[{"href":"https:\/\/infotorrent.es\/ca\/wp-json\/wp\/v2\/media?parent=14691"}],"wp:term":[{"taxonomy":"category","embeddable":true,"href":"https:\/\/infotorrent.es\/ca\/wp-json\/wp\/v2\/categories?post=14691"},{"taxonomy":"post_tag","embeddable":true,"href":"https:\/\/infotorrent.es\/ca\/wp-json\/wp\/v2\/tags?post=14691"}],"curies":[{"name":"wp","href":"https:\/\/api.w.org\/{rel}","templated":true}]}}