{"id":14681,"date":"2021-10-20T08:52:13","date_gmt":"2021-10-20T08:52:13","guid":{"rendered":"https:\/\/infotorrent.es\/uncategorized\/torrent-commemora-el-dia-de-la-policia-local-en-un-acte-de-lliurament-de-distincions-i-felicitacions\/"},"modified":"2021-10-20T08:54:16","modified_gmt":"2021-10-20T08:54:16","slug":"torrent-commemora-el-dia-de-la-policia-local-en-un-acte-de-lliurament-de-distincions-i-felicitacions","status":"publish","type":"post","link":"https:\/\/infotorrent.es\/ca\/noticies\/torrent-commemora-el-dia-de-la-policia-local-en-un-acte-de-lliurament-de-distincions-i-felicitacions\/","title":{"rendered":"Torrent commemora el Dia de la Policia Local en un acte de lliurament de distincions i felicitacions"},"content":{"rendered":"<h4 style=\"text-align: center;\"><span style=\"color: #000080;\"><strong>L\u2019Ajuntament de Torrent fa un reconeixement a la Policia Local amb el lliurament de distincions al m\u00e8rit policial i felicita els policies jubilats per la dedicaci\u00f3 i el treball de tota una vida<\/strong><\/span><\/h4>\n<h4 style=\"text-align: center;\"><span style=\"color: #000080;\"><strong>Aix\u00ed mateix es reconeix la labor de l\u2019agrupaci\u00f3 local de Protecci\u00f3 Civil de Torrent<\/strong><\/span><\/h4>\n<p>La ciutat de Torrent va organitzar el passat 15 d\u2019octubre un acte de reconeixement als membres del cos de la Policia Local de Torrent, que se celebr\u00e0 amb motiu de la commemoraci\u00f3 del Dia de la Policia Local.<\/p>\n<p>L\u2019alcalde Jes\u00fas Ros, acompanyat per la regidora de Seguretat Ciutadana, Inma Amat, i pel cap del cos de la Policia Local de Torrent, Eduardo Mart\u00ednez, foren els encarregats d\u2019entregar les medalles i dedicar les felicitacions i mencions amb les quals es reconeixia la traject\u00f2ria i els m\u00e8rits dels agents.<\/p>\n<p>A l&#8217;acte van assistir l&#8217;equip de govern i membres de la corporaci\u00f3, aix\u00ed com representants de la Gu\u00e0rdia Civil, de la Policia Nacional i de l&#8217;Exercit de l&#8217;Aire, amb representants de la societat civil de la ciutat, que es van reunir al jard\u00ed de l\u2019Hort de Tr\u00e9nor per a acompanyar els agents locals en un dia en qu\u00e8 es reconeix la responsabilitat i el treball dels qui assumeixen la seguretat del municipi.<\/p>\n<p>La regidora de Seguretat Ciutadana va donar la benvinguda als assistents amb un discurs en qu\u00e8 feu valdre el treball de les persones que integren el cos de la Policia Local, i els va agrair &#8220;la seua dedicaci\u00f3 i l&#8217;esfor\u00e7 de tota una vida al servei dels altres i en defensa dels drets i les llibertats p\u00fabliques\u201d. En aquest mateix acte es va homenatjar tamb\u00e9 els policies locals jubilats, els quals van rebre un diploma en reconeixement a la seua traject\u00f2ria. A continuaci\u00f3, es va lliurar una medalla als membres de la Policia Local de Torrent amb trenta i vint anys de servei en actiu, en agra\u00efment a la dedicaci\u00f3 constant en el compliment dels deures. Finalment, van ser condecorats amb la Medalla Blava amb distintiu Blanc el guardonats seg\u00fcents:<\/p>\n<p>L&#8217;agent Javier Chust G\u00f3mez, per la seua decidida intervenci\u00f3 davant un possible cas de su\u00efcidi que va evitar posant en risc la seva integritat f\u00edsica.<\/p>\n<p>El cap de l&#8217;agrupaci\u00f3 de voluntaris de Protecci\u00f3 Civil, Francisco Lona Oto, en representaci\u00f3 de tota l&#8217;agrupaci\u00f3 de voluntaris, pel seu altruisme i la col\u00b7laboraci\u00f3 amb altres entitats, especialment amb la Policia Local, des del primer dia de la pand\u00e8mia.<\/p>\n<p>L&#8217;intendent Juan Andr\u00e9s Riquelme Botifora, cap de la Divisi\u00f3 Policial Operativa de la\u00a0 Policia Local de Torrent, en representaci\u00f3 del cos de la Policia Local, pels serveis humanitaris i de seguretat durant la pand\u00e8mia.<\/p>\n<p>L\u2019alcalde Jes\u00fas Ros pos\u00e0 fi a aquest acte amb un discurs en qu\u00e8 felicitava el cos de la Policia Local de Torrent \u201cper la gran labor que han dut a terme durant tot aquest temps de pand\u00e8mia, en el qual han vetlat per la nostra seguretat i han posat en risc, en alguns casos, la seua pr\u00f2pia seguritat i la de les seues fam\u00edlies\u201d. Tamb\u00e9 va haver-hi paraules d&#8217;agra\u00efment a Protecci\u00f3 Civil per la inestimable col\u00b7laboraci\u00f3 i per les tasques de refor\u00e7 en qu\u00e8 han participat durant aquests mesos de pand\u00e8mia.<\/p>\n<p>L&#8217;acte va concloure amb la interpretaci\u00f3 dels himnes de Torrent, de la Comunitat Valenciana i d&#8217;Espanya.<\/p>\n<p><img fetchpriority=\"high\" decoding=\"async\" class=\"aligncenter wp-image-45853\" src=\"https:\/\/www.infotorrent.es\/wp-content\/uploads\/2021\/10\/211019_M\u00e9rito-policial-PLTorrent_FOTO1.jpg\" alt=\"\" width=\"600\" height=\"400\" \/><\/p>\n<p><img decoding=\"async\" class=\"aligncenter wp-image-45857\" src=\"https:\/\/www.infotorrent.es\/wp-content\/uploads\/2021\/10\/211019_M\u00e9rito-policial-PLTorrent_FOTO3.jpg\" alt=\"\" width=\"600\" height=\"400\" \/><\/p>\n<p><img decoding=\"async\" class=\"aligncenter wp-image-45855\" src=\"https:\/\/www.infotorrent.es\/wp-content\/uploads\/2021\/10\/211019_M\u00e9rito-policial-PLTorrent_FOTO2.jpg\" alt=\"\" width=\"600\" height=\"341\" \/><\/p>\n","protected":false},"excerpt":{"rendered":"<p>L\u2019Ajuntament de Torrent fa un reconeixement a la Policia Local amb el lliurament de distincions al m\u00e8rit policial i felicita els policies jubilats per la dedicaci\u00f3 i el treball de tota una vida Aix\u00ed mateix es reconeix la labor de l\u2019agrupaci\u00f3 local de Protecci\u00f3 Civil de Torrent La ciutat de Torrent va organitzar el passat [&hellip;]<\/p>\n","protected":false},"author":2,"featured_media":14683,"comment_status":"closed","ping_status":"open","sticky":false,"template":"","format":"standard","meta":{"_acf_changed":false,"footnotes":""},"categories":[116,124],"tags":[],"class_list":["post-14681","post","type-post","status-publish","format-standard","has-post-thumbnail","hentry","category-noticies","category-seguretat-ciutadana"],"acf":[],"_links":{"self":[{"href":"https:\/\/infotorrent.es\/ca\/wp-json\/wp\/v2\/posts\/14681","targetHints":{"allow":["GET"]}}],"collection":[{"href":"https:\/\/infotorrent.es\/ca\/wp-json\/wp\/v2\/posts"}],"about":[{"href":"https:\/\/infotorrent.es\/ca\/wp-json\/wp\/v2\/types\/post"}],"author":[{"embeddable":true,"href":"https:\/\/infotorrent.es\/ca\/wp-json\/wp\/v2\/users\/2"}],"replies":[{"embeddable":true,"href":"https:\/\/infotorrent.es\/ca\/wp-json\/wp\/v2\/comments?post=14681"}],"version-history":[{"count":0,"href":"https:\/\/infotorrent.es\/ca\/wp-json\/wp\/v2\/posts\/14681\/revisions"}],"wp:featuredmedia":[{"embeddable":true,"href":"https:\/\/infotorrent.es\/ca\/wp-json\/wp\/v2\/media\/14683"}],"wp:attachment":[{"href":"https:\/\/infotorrent.es\/ca\/wp-json\/wp\/v2\/media?parent=14681"}],"wp:term":[{"taxonomy":"category","embeddable":true,"href":"https:\/\/infotorrent.es\/ca\/wp-json\/wp\/v2\/categories?post=14681"},{"taxonomy":"post_tag","embeddable":true,"href":"https:\/\/infotorrent.es\/ca\/wp-json\/wp\/v2\/tags?post=14681"}],"curies":[{"name":"wp","href":"https:\/\/api.w.org\/{rel}","templated":true}]}}