{"id":14669,"date":"2021-10-18T12:06:05","date_gmt":"2021-10-18T12:06:05","guid":{"rendered":"https:\/\/infotorrent.es\/uncategorized\/torrent-inicia-un-estudi-per-a-la-rehabilitacio-de-la-capella-de-lhort-de-trenor\/"},"modified":"2021-10-18T12:09:03","modified_gmt":"2021-10-18T12:09:03","slug":"torrent-inicia-un-estudi-per-a-la-rehabilitacio-de-la-capella-de-lhort-de-trenor","status":"publish","type":"post","link":"https:\/\/infotorrent.es\/ca\/noticies\/torrent-inicia-un-estudi-per-a-la-rehabilitacio-de-la-capella-de-lhort-de-trenor\/","title":{"rendered":"Torrent inicia un estudi per a la rehabilitaci\u00f3 de la capella de l\u2019Hort de Tr\u00e9nor"},"content":{"rendered":"<h4 style=\"text-align: center;\"><span style=\"color: #000080;\"><strong>El projecte preveu la restauraci\u00f3 integral del conjunt arquitect\u00f2nic per recuperar-ne l&#8217;estat original<\/strong><\/span><\/h4>\n<p>L&#8217;Ajuntament de Torrent ha iniciat els treballs d&#8217;elaboraci\u00f3 d&#8217;un projecte de restauraci\u00f3 per a condicionar la capella de l\u2018Hort de Tr\u00e9nor. Actualment, el consistori treballa en l&#8217;assist\u00e8ncia t\u00e8cnica per a la redacci\u00f3 del Projecte d&#8217;Intervenci\u00f3 de Reforma, Rehabilitaci\u00f3 i Restauraci\u00f3 del conjunt d&#8217;edificacions que formen l\u2019Hort de Tr\u00e9nor, aix\u00f2 \u00e9s, l&#8217;edifici principal \u2013en l&#8217;actualitat \u00e9s el Centre de formaci\u00f3, innovaci\u00f3 i recursos educatius de la Conselleria d\u2019Educaci\u00f3, el\u00a0Cefire\u2013, la capella i les edificacions complement\u00e0ries \u2013en les quals s&#8217;alberguen les depend\u00e8ncies de la Policia Local\u2013. Aquest conjunt d&#8217;edificacions es troben catalogades per la Conselleria de Cultura com a B\u00e9 de Rellev\u00e0ncia Local, encara que des de l&#8217;any 1994 l&#8217;Ajuntament ha sol\u00b7licitat la declaraci\u00f3 de B\u00e9 d&#8217;Inter\u00e8s Cultural.<\/p>\n<p>L&#8217;objecte del contracte \u00e9s la prestaci\u00f3 del servei d&#8217;assist\u00e8ncia t\u00e8cnica per a la redacci\u00f3 del projecte d&#8217;intervenci\u00f3 que inclou, a m\u00e9s l&#8217;estudi arqueol\u00f2gic, de seguretat i salut de les obres, i de gesti\u00f3 de residus, el pla de qualitat i tots els annexos i documentaci\u00f3 necess\u00e0ria exigits pel Codi T\u00e8cnic d&#8217;Edificaci\u00f3 i la normativa vigent en mat\u00e8ria de protecci\u00f3 del patrimoni cultural.<br \/>\n<strong>Actuacions proposades<\/strong><\/p>\n<p>Les actuacions proposades indicades en la redacci\u00f3 del projecte tindran car\u00e0cter d&#8217;actuacions m\u00ednimes que cal dur a terme, sense perjudici que l&#8217;estudi previ determine la necessitat de noves actuacions despr\u00e9s d&#8217;haver analitzat l&#8217;estat actual d&#8217;estructures i fonaments. Aix\u00ed mateix, es far\u00e0 un diagn\u00f2stic de la situaci\u00f3 actual dels elements ornamentals, interiors i exteriors, espec\u00edficament els artificis i l\u2019algepseria decorativa, per a determinar els criteris d&#8217;intervenci\u00f3, i es proposaran actuacions concretes de conservaci\u00f3 i manteniment, aix\u00ed com la seua restauraci\u00f3.<\/p>\n<p>&nbsp;<\/p>\n<p><img fetchpriority=\"high\" decoding=\"async\" class=\"aligncenter wp-image-45820\" src=\"https:\/\/www.infotorrent.es\/wp-content\/uploads\/2021\/10\/211015_redacci\u00f3n-del-proyecto-Capilla-Hort-de-Tr\u00e9nor-2.jpg\" alt=\"\" width=\"600\" height=\"328\" \/><\/p>\n<p><img decoding=\"async\" class=\"aligncenter wp-image-45822\" src=\"https:\/\/www.infotorrent.es\/wp-content\/uploads\/2021\/10\/211015_redacci\u00f3n-del-proyecto-Capilla-Hort-de-Tr\u00e9nor-3.jpg\" alt=\"\" width=\"600\" height=\"400\" \/><\/p>\n<p><img decoding=\"async\" class=\"aligncenter wp-image-45824\" src=\"https:\/\/www.infotorrent.es\/wp-content\/uploads\/2021\/10\/211015_redacci\u00f3n-del-proyecto-Capilla-Hort-de-Tr\u00e9nor-4.jpg\" alt=\"\" width=\"600\" height=\"400\" \/><\/p>\n","protected":false},"excerpt":{"rendered":"<p>El projecte preveu la restauraci\u00f3 integral del conjunt arquitect\u00f2nic per recuperar-ne l&#8217;estat original L&#8217;Ajuntament de Torrent ha iniciat els treballs d&#8217;elaboraci\u00f3 d&#8217;un projecte de restauraci\u00f3 per a condicionar la capella de l\u2018Hort de Tr\u00e9nor. Actualment, el consistori treballa en l&#8217;assist\u00e8ncia t\u00e8cnica per a la redacci\u00f3 del Projecte d&#8217;Intervenci\u00f3 de Reforma, Rehabilitaci\u00f3 i Restauraci\u00f3 del conjunt [&hellip;]<\/p>\n","protected":false},"author":2,"featured_media":14671,"comment_status":"closed","ping_status":"open","sticky":false,"template":"","format":"standard","meta":{"_acf_changed":false,"footnotes":""},"categories":[117,116],"tags":[],"class_list":["post-14669","post","type-post","status-publish","format-standard","has-post-thumbnail","hentry","category-cultura","category-noticies"],"acf":[],"_links":{"self":[{"href":"https:\/\/infotorrent.es\/ca\/wp-json\/wp\/v2\/posts\/14669","targetHints":{"allow":["GET"]}}],"collection":[{"href":"https:\/\/infotorrent.es\/ca\/wp-json\/wp\/v2\/posts"}],"about":[{"href":"https:\/\/infotorrent.es\/ca\/wp-json\/wp\/v2\/types\/post"}],"author":[{"embeddable":true,"href":"https:\/\/infotorrent.es\/ca\/wp-json\/wp\/v2\/users\/2"}],"replies":[{"embeddable":true,"href":"https:\/\/infotorrent.es\/ca\/wp-json\/wp\/v2\/comments?post=14669"}],"version-history":[{"count":0,"href":"https:\/\/infotorrent.es\/ca\/wp-json\/wp\/v2\/posts\/14669\/revisions"}],"wp:featuredmedia":[{"embeddable":true,"href":"https:\/\/infotorrent.es\/ca\/wp-json\/wp\/v2\/media\/14671"}],"wp:attachment":[{"href":"https:\/\/infotorrent.es\/ca\/wp-json\/wp\/v2\/media?parent=14669"}],"wp:term":[{"taxonomy":"category","embeddable":true,"href":"https:\/\/infotorrent.es\/ca\/wp-json\/wp\/v2\/categories?post=14669"},{"taxonomy":"post_tag","embeddable":true,"href":"https:\/\/infotorrent.es\/ca\/wp-json\/wp\/v2\/tags?post=14669"}],"curies":[{"name":"wp","href":"https:\/\/api.w.org\/{rel}","templated":true}]}}