{"id":14660,"date":"2021-10-15T09:37:34","date_gmt":"2021-10-15T09:37:34","guid":{"rendered":"https:\/\/infotorrent.es\/uncategorized\/la-casa-de-la-dona-de-torrent-organitza-un-cicle-de-cinema-amb-pellicules-que-giren-entorn-de-les-tematiques-de-genere\/"},"modified":"2021-10-15T09:38:42","modified_gmt":"2021-10-15T09:38:42","slug":"la-casa-de-la-dona-de-torrent-organitza-un-cicle-de-cinema-amb-pellicules-que-giren-entorn-de-les-tematiques-de-genere","status":"publish","type":"post","link":"https:\/\/infotorrent.es\/ca\/noticies\/la-casa-de-la-dona-de-torrent-organitza-un-cicle-de-cinema-amb-pellicules-que-giren-entorn-de-les-tematiques-de-genere\/","title":{"rendered":"La Casa de la Dona de Torrent organitza un cicle de cinema amb pel\u2022l\u00edcules que giren entorn de les tem\u00e0tiques de g\u00e8nere"},"content":{"rendered":"<h4 style=\"text-align: center;\"><span style=\"color: #000080;\"><strong>Aquest divendres, \u2018Cinema Violeta\u2019 projecta la pel\u00b7l\u00edcula Les Hores, amb entrada lliure fins a completar aforament<\/strong><\/span><\/h4>\n<p>L&#8217;Ajuntament de Torrent, per mitj\u00e0 de la Casa de la D\u00f3na, ha organitzat el cicle de Cinema Violeta, una s\u00e8rie de pel\u00b7l\u00edcules d&#8217;entrada lliure amb continguts sobre la situaci\u00f3 de la dona en la societat actual, que inclou a m\u00e9s de les projeccions dels films l&#8217;an\u00e0lisi de la pel\u00b7l\u00edcula i un debat sobre el contingut d&#8217;aquestes.<\/p>\n<p>Divendres vinent, 15 d&#8217;octubre, est\u00e0 programada la projecci\u00f3 de la segona pel\u00b7l\u00edcula del cicle, <em>The\u00a0Hours<\/em>, del director Stephen\u00a0Daldry, que ha comptat amb la interpretaci\u00f3 de reconegudes actrius del cinema, com Meryl\u00a0Streep, Julianne\u00a0Moore i Nicole\u00a0Kidman.<\/p>\n<p>La projecci\u00f3 es far\u00e0 en la sala d&#8217;actes de la Casa de la Dona, a partir de les 18.00 hores, i en finalitzar el visionat de la pel\u00b7l\u00edcula la Doctora en Comunicaci\u00f3 i Interculturalitat i experta en tem\u00e0tiques de g\u00e8nere, Serena\u00a0delle Done, dirigir\u00e0 el debat.<\/p>\n<p><img fetchpriority=\"high\" decoding=\"async\" class=\"aligncenter wp-image-45797\" src=\"https:\/\/www.infotorrent.es\/wp-content\/uploads\/2021\/10\/211014_Casa-dona-Cine-Violeta_The-Hours.png\" alt=\"\" width=\"400\" height=\"400\" \/><\/p>\n","protected":false},"excerpt":{"rendered":"<p>Aquest divendres, \u2018Cinema Violeta\u2019 projecta la pel\u00b7l\u00edcula Les Hores, amb entrada lliure fins a completar aforament L&#8217;Ajuntament de Torrent, per mitj\u00e0 de la Casa de la D\u00f3na, ha organitzat el cicle de Cinema Violeta, una s\u00e8rie de pel\u00b7l\u00edcules d&#8217;entrada lliure amb continguts sobre la situaci\u00f3 de la dona en la societat actual, que inclou a [&hellip;]<\/p>\n","protected":false},"author":2,"featured_media":14662,"comment_status":"closed","ping_status":"open","sticky":false,"template":"","format":"standard","meta":{"_acf_changed":false,"footnotes":""},"categories":[117,116],"tags":[],"class_list":["post-14660","post","type-post","status-publish","format-standard","has-post-thumbnail","hentry","category-cultura","category-noticies"],"acf":[],"_links":{"self":[{"href":"https:\/\/infotorrent.es\/ca\/wp-json\/wp\/v2\/posts\/14660","targetHints":{"allow":["GET"]}}],"collection":[{"href":"https:\/\/infotorrent.es\/ca\/wp-json\/wp\/v2\/posts"}],"about":[{"href":"https:\/\/infotorrent.es\/ca\/wp-json\/wp\/v2\/types\/post"}],"author":[{"embeddable":true,"href":"https:\/\/infotorrent.es\/ca\/wp-json\/wp\/v2\/users\/2"}],"replies":[{"embeddable":true,"href":"https:\/\/infotorrent.es\/ca\/wp-json\/wp\/v2\/comments?post=14660"}],"version-history":[{"count":0,"href":"https:\/\/infotorrent.es\/ca\/wp-json\/wp\/v2\/posts\/14660\/revisions"}],"wp:featuredmedia":[{"embeddable":true,"href":"https:\/\/infotorrent.es\/ca\/wp-json\/wp\/v2\/media\/14662"}],"wp:attachment":[{"href":"https:\/\/infotorrent.es\/ca\/wp-json\/wp\/v2\/media?parent=14660"}],"wp:term":[{"taxonomy":"category","embeddable":true,"href":"https:\/\/infotorrent.es\/ca\/wp-json\/wp\/v2\/categories?post=14660"},{"taxonomy":"post_tag","embeddable":true,"href":"https:\/\/infotorrent.es\/ca\/wp-json\/wp\/v2\/tags?post=14660"}],"curies":[{"name":"wp","href":"https:\/\/api.w.org\/{rel}","templated":true}]}}