{"id":14654,"date":"2021-10-15T09:29:39","date_gmt":"2021-10-15T09:29:39","guid":{"rendered":"https:\/\/infotorrent.es\/uncategorized\/el-vedat-tindra-una-brigada-forestal-permanent-per-a-ocupar-se-de-les-tasques-de-manteniment-i-prevencio-dincendis\/"},"modified":"2021-10-15T09:31:14","modified_gmt":"2021-10-15T09:31:14","slug":"el-vedat-tindra-una-brigada-forestal-permanent-per-a-ocupar-se-de-les-tasques-de-manteniment-i-prevencio-dincendis","status":"publish","type":"post","link":"https:\/\/infotorrent.es\/ca\/noticies\/el-vedat-tindra-una-brigada-forestal-permanent-per-a-ocupar-se-de-les-tasques-de-manteniment-i-prevencio-dincendis\/","title":{"rendered":"El Vedat tindr\u00e0 una brigada forestal permanent per a ocupar-se de les tasques de manteniment i prevenci\u00f3 d&#8217;incendis"},"content":{"rendered":"<h4 style=\"text-align: center;\"><span style=\"color: #000080;\"><strong>Amb un pressupost anual de 113.500 \u20ac,\u00a0estar\u00e0 formada per un capat\u00e0s i un pe\u00f3 especialista, amb l&#8217;assessorament i la supervisi\u00f3 d&#8217;un t\u00e8cnic de protecci\u00f3 mediambiental<\/strong><\/span><\/h4>\n<p>L&#8217;Ajuntament de Torrent, per mitj\u00e0 de l&#8217;\u00e0rea de Medi Ambient, ha anunciat la posada en marxa d&#8217;una brigada forestal permanent en el\u00a0Vedat, que s&#8217;ocupar\u00e0 de les tasques de manteniment i conservaci\u00f3 de zones forestals, i de prevenci\u00f3 i actuaci\u00f3 immediata davant possibles riscos d&#8217;incendis o cat\u00e0strofes. A partir de la setmana pr\u00f2xima, la zona residencial del\u00a0Vedat tindr\u00e0 una brigada permanent per a garantir la protecci\u00f3 de la zona forestal. A m\u00e9s, tamb\u00e9 s&#8217;encarregar\u00e0 del manteniment d&#8217;altres \u00e0rees com la serra\u00a0Perenxisa, els llits dels barrancs i les sendes i rutes per paratges naturals promogudes per l&#8217;Ajuntament, aix\u00ed com altres zones p\u00fabliques amb car\u00e0cter forestal.<\/p>\n<p>\u201cLa brigada dur\u00e0 a terme diversos treballs forestals com ara plantacions, obertura de seccions auxiliars, control de canyes, tasques de fitaci\u00f3, extracci\u00f3, eliminaci\u00f3 de soques seques o malaltes, tractaments contra plagues forestals, podes de formaci\u00f3 i manteniment i actuacions en la xarxa de rutes existents. Com tota labor silv\u00edcola que cal fer en una massa forestal, l&#8217;objectiu general ser\u00e0 sempre l&#8217;\u00fas racional dels recursos naturals renovables de la forest, de manera que es garantisca la persist\u00e8ncia i l&#8217;equilibri de la massa forestal\u201d, ha explicat el regidor de Medi Ambient, Francisco Jos\u00e9 Arnau.<\/p>\n<p>Amb una dotaci\u00f3 pressupost\u00e0ria que ha anat augmentant gradualment en els \u00faltims anys, s&#8217;ha passat d&#8217;un contracte de manteniment forestal de 60.000\u00a0\u20ac anuals a 113.500\u00a0\u20ac, dels quals una mica m\u00e9s de 90.000\u00a0\u20ac pertanyen al contracte ordinari, mentre que 22.000\u00a0\u20ac es reserven per a serveis extraordinaris.<\/p>\n<p>D&#8217;acord amb el Pla general d&#8217;actuaci\u00f3 davant riscos forestals, Torrent ja disposa d&#8217;una brigada que actua en les zones forestals de forma permanent, de manera que tant les labors de manteniment, neteja i desbrossament, com les de prevenci\u00f3 i conscienciaci\u00f3 no queden circumscrites a la temporada d&#8217;estiu, quan el risc \u00e9s m\u00e0xim, sin\u00f3 que s&#8217;estenen a tot el per\u00edode anual, i aix\u00ed dotar de major efic\u00e0cia aquest servei, al mateix temps que s&#8217;aconsegueix la possibilitat de dirigir actuacions immediates, ja que la ubicaci\u00f3 d&#8217;aquesta brigada en el centre mateix de les zones forestals far\u00e0 que la seua resposta davant casos d&#8217;urg\u00e8ncia puga ser m\u00e9s r\u00e0pida. Est\u00e0 previst que, a m\u00e9s dels treballs ordinaris, hi haja tots els dies no laborables un servei de gu\u00e0rdia, amb un temps de reacci\u00f3 no superior a una hora des de la recepci\u00f3 d&#8217;un av\u00eds fins que la brigada completa es presente en el lloc, amb un temps estimat de resposta de 30 minuts, ja que els components de la brigada residiran prop del centre.<\/p>\n<p>La brigada estar\u00e0 formada per un capat\u00e0s i un pe\u00f3 especialista, que actuaran sota la supervisi\u00f3 d&#8217;un t\u00e8cnic de protecci\u00f3 mediambiental, qui a m\u00e9s dur\u00e0 a terme labors d&#8217;assessorament t\u00e8cnic i aportar\u00e0 observacions sobre el funcionament del servei durant el primer any de la seua implantaci\u00f3.<\/p>\n<p>Jornades de formaci\u00f3 i prevenci\u00f3 davant riscos d&#8217;incendi<\/p>\n<p>En aquest mateix sentit, l\u2019Ajuntament, en col\u00b7laboraci\u00f3 amb l&#8217;AVV El\u00a0Vedat, ha organitzat unes jornades de formaci\u00f3, prevenci\u00f3 i conscienciaci\u00f3 sobre els riscos en incendis forestals i les emerg\u00e8ncies que se\u2019n deriven, amb la finalitat d&#8217;informar i ensenyar els ve\u00efns sobre com haurien d&#8217;actuar en cas d&#8217;urg\u00e8ncia.<\/p>\n<p>La primera jornada, que tingu\u00e9 lloc el dia 1 d&#8217;octubre, va consistir en unes lli\u00e7ons te\u00f2riques que mostraven els principals errors que es cometen a les urbanitzacions de zones forestals; aix\u00ed mateix, els assistents van rebre una s\u00e8rie de consells pr\u00e0ctics per a prevenir els incendis.<\/p>\n<p>La segona d&#8217;aquestes jornades est\u00e0 programada per al pr\u00f2xim 19 de novembre, i consistir\u00e0 en una part pr\u00e0ctica en la qual es visitaran algunes zones del\u00a0Vedat per a identificar <em>in situ<\/em> possibles situacions que caldria evitar davant el risc d&#8217;incendi. Aquestes pr\u00e0ctiques inclouran a m\u00e9s exercicis per a saber usar les m\u00e0negues en cas d&#8217;incendi i per a con\u00e8ixer els equips de protecci\u00f3 individual que s&#8217;utilitzen en aquests casos, aix\u00f2 \u00e9s, els EPI forestals. A m\u00e9s es donar\u00e0 informaci\u00f3 sobre qu\u00e8 \u00e9s i com funciona el sistema de defensa contra incendis forestals (SIDEINFO).<\/p>\n<p><img fetchpriority=\"high\" decoding=\"async\" class=\"aligncenter wp-image-45784\" src=\"https:\/\/www.infotorrent.es\/wp-content\/uploads\/2021\/10\/211013_Brigada-Forestal-Vedat-m\u00e1s-AVV-Vedat-SIDEINFO_foto.jpg\" alt=\"\" width=\"600\" height=\"347\" \/><\/p>\n","protected":false},"excerpt":{"rendered":"<p>Amb un pressupost anual de 113.500 \u20ac,\u00a0estar\u00e0 formada per un capat\u00e0s i un pe\u00f3 especialista, amb l&#8217;assessorament i la supervisi\u00f3 d&#8217;un t\u00e8cnic de protecci\u00f3 mediambiental L&#8217;Ajuntament de Torrent, per mitj\u00e0 de l&#8217;\u00e0rea de Medi Ambient, ha anunciat la posada en marxa d&#8217;una brigada forestal permanent en el\u00a0Vedat, que s&#8217;ocupar\u00e0 de les tasques de manteniment i [&hellip;]<\/p>\n","protected":false},"author":2,"featured_media":14656,"comment_status":"closed","ping_status":"open","sticky":false,"template":"","format":"standard","meta":{"_acf_changed":false,"footnotes":""},"categories":[119,116],"tags":[],"class_list":["post-14654","post","type-post","status-publish","format-standard","has-post-thumbnail","hentry","category-medi-ambient","category-noticies"],"acf":[],"_links":{"self":[{"href":"https:\/\/infotorrent.es\/ca\/wp-json\/wp\/v2\/posts\/14654","targetHints":{"allow":["GET"]}}],"collection":[{"href":"https:\/\/infotorrent.es\/ca\/wp-json\/wp\/v2\/posts"}],"about":[{"href":"https:\/\/infotorrent.es\/ca\/wp-json\/wp\/v2\/types\/post"}],"author":[{"embeddable":true,"href":"https:\/\/infotorrent.es\/ca\/wp-json\/wp\/v2\/users\/2"}],"replies":[{"embeddable":true,"href":"https:\/\/infotorrent.es\/ca\/wp-json\/wp\/v2\/comments?post=14654"}],"version-history":[{"count":0,"href":"https:\/\/infotorrent.es\/ca\/wp-json\/wp\/v2\/posts\/14654\/revisions"}],"wp:featuredmedia":[{"embeddable":true,"href":"https:\/\/infotorrent.es\/ca\/wp-json\/wp\/v2\/media\/14656"}],"wp:attachment":[{"href":"https:\/\/infotorrent.es\/ca\/wp-json\/wp\/v2\/media?parent=14654"}],"wp:term":[{"taxonomy":"category","embeddable":true,"href":"https:\/\/infotorrent.es\/ca\/wp-json\/wp\/v2\/categories?post=14654"},{"taxonomy":"post_tag","embeddable":true,"href":"https:\/\/infotorrent.es\/ca\/wp-json\/wp\/v2\/tags?post=14654"}],"curies":[{"name":"wp","href":"https:\/\/api.w.org\/{rel}","templated":true}]}}