{"id":14651,"date":"2021-10-15T09:27:01","date_gmt":"2021-10-15T09:27:01","guid":{"rendered":"https:\/\/infotorrent.es\/uncategorized\/torrent-clausura-el-nou-doctubre-amb-lacte-institucional-de-la-processo-civica\/"},"modified":"2021-10-15T09:15:11","modified_gmt":"2021-10-15T09:15:11","slug":"torrent-clausura-el-nou-doctubre-amb-lacte-institucional-de-la-processo-civica","status":"publish","type":"post","link":"https:\/\/infotorrent.es\/ca\/noticies\/torrent-clausura-el-nou-doctubre-amb-lacte-institucional-de-la-processo-civica\/","title":{"rendered":"Torrent clausura el Nou d\u2019Octubre amb l\u2019acte institucional de la process\u00f3 c\u00edvica"},"content":{"rendered":"<h4 style=\"text-align: center;\"><span style=\"color: #000080;\"><strong>La\u00a0pla\u00e7a\u00a0Major acull un concert extraordinari de la banda simf\u00f2nica del Cercle Cat\u00f2lic<\/strong><\/span><\/h4>\n<p>La ciutat de Torrent va celebrar el passat cap de setmana el dia gran de les valencianes i els valencians, i aix\u00ed, amb la process\u00f3 c\u00edvica i el concert extraordinari del Cercle Cat\u00f2lic pos\u00e0 fi a una programaci\u00f3 intensa d\u2019una setmana cultural que ha portat a la localitat multitud d\u2019activitats organitzades per a la delectaci\u00f3 de tots el ve\u00efns i ve\u00efnes. La festivitat del Nou d&#8217;Octubre ha sigut l&#8217;eix vertebrador d&#8217;altres celebracions que enguany han coincidit en el temps: el Dia internacional de les Persones Majors, la 48 edici\u00f3 de la Fira del Llibre i la festa dels Moros i Cristians.<\/p>\n<p>La vesprada de dissabte, la ciutat es va engalanar per a la festivitat del Nou d\u2019Octubre, data en qu\u00e8 es recorda l\u2019entrada de Jaume I a Val\u00e8ncia l\u2019any 1238. La process\u00f3 c\u00edvica, que \u00e9s tamb\u00e9 un homenatge a Jaume I i a la Senyera, va comen\u00e7ar en el vell ajuntament, des d\u2019on va eixir la Senyera, que va ser portada per l\u2019abanderat, el capit\u00e0 cristi\u00e0 Nico Mag\u00e1n, per les falleres majors de la ciutat, Sara Garrigues i Paula Alapont; pel capit\u00e0 moro, Vicent Soler i per la reina de l\u2019Encontre, Azucena Guimer\u00e0. El trajecte de la process\u00f3 estigu\u00e9 animat per una gran dansada en qu\u00e8 van participar els grups de ball L\u2019U i el Dos de la Llar Antoniana, el Grup Els Llauradors del Cercle Cat\u00f2lic de Torrent, el Grup de Ball de Torrent i la Colla de Dol\u00e7ainers, la Colla de Dol\u00e7ainers de Vicent Iborra i la Colla El Rossejat. Altres associacions que hi van participar foren Adisto, els Amics de la Cultura Andalusa, l\u2019Associaci\u00f3 Cultural de Castella-la Manxa i la Uni\u00f3 Extremenya de Torrent.<\/p>\n<p>L\u2019alcalde Jes\u00fas Ros, acompanyat de tots els membres de la corporaci\u00f3 municipal i de les m\u00e0ximes autoritats civils i dels cossos de seguretat, al costat de les falleres majors de Torrent amb les seues corts d\u2019honor i d\u2019altres representants del teixit associatiu i festiu de la ciutat, tamb\u00e9 van estar presents en la process\u00f3 per a escortar la Senyera fins a la Torre, on finalitzava aquesta process\u00f3. Acte seguit, els representats de les forces de seguretat presentaren la bandera i l\u2019elm del rei Jaume per a retre-li homenatge, mentre que els alferes de Moros i Cristians, Ram\u00f3n Almerich i Eduardo Garc\u00eda, \u00a0acompanyats per la musa de la M\u00fasica de la Uni\u00f3 Musical de Torrent, van dipositar una corona de llorer sota els emblemes que representen aquesta efem\u00e8ride del Nou\u00a0d\u2019Octubre.<\/p>\n<p>La regidora de Cultura, Susi Ferrer, va dedicar unes paraules a tots els assistents remarcant que <strong>\u201cja havia arribat l\u2019hora de tornar a les celebracions que amb tanta il\u00b7lusi\u00f2 est\u00e0vem esperant i que, en aquest cas, amb la celebraci\u00f3 d\u2019una data que representa el que \u00e9s l\u2019ess\u00e8ncia d\u2019un poble, suposa recon\u00e8ixer el protagonisme de la ciutadania, que \u00e9s al capdavall qui defineix els trets caracter\u00edstics i diferencials de la nostra identitat\u201d<\/strong>. Despr\u00e9s de la intervenci\u00f3 de la regidora de Cultura, tanc\u00e0 el torn dels discursos, l\u2019alcalde Jes\u00fas Ros assenyalant que <strong>\u201caquesta \u00e9s una terra acollidora i tots vosaltres sou els que feu poble i aconseguiu que Torrent es mantinga viva i tinga cor i sentiments\u201d.<\/strong><\/p>\n<p>Finalment, la pla\u00e7a Major va acollir el concert extraordinari que la banda simf\u00f2nica del Cercle Cat\u00f2lic va oferir a tots els presents i que compt\u00e0 amb la destacada pres\u00e8ncia del tenor Pascual Andreu i la soprano Saray Garc\u00eda, els quals posaren fi a aquest espectacle amb una emotiva i aplaudid\u00edssima actuaci\u00f3 quan interpretaren els himnes de Torrent i de Val\u00e8ncia.<\/p>\n<p>La jornada de la festa va concloure amb un espectacle pirot\u00e8cnic, el gran castell de focs artificials que des del Parc Central pos\u00e0 el colof\u00f3 a aquestes celebracions.<\/p>\n<p>&nbsp;<\/p>\n<p><strong>Cloenda de la Setmana Cultural<\/strong><\/p>\n<p>Previ als actes oficials del Nou d\u2019Octubre, la Federaci\u00f3 de Moros i Cristians de Torrent va celebrar la vesprada de divendres passat, dia 8, l\u2019ofrena als sants patrons de la ciutat, en una cerim\u00f2nia religiosa que se celebr\u00e0 en l\u2019esgl\u00e9sia de l\u2019Assumpci\u00f3. Els representants de les filades portant els estendards amb les ensenyes pr\u00f2pies van llegir els seus precs i s\u2019encomanaren a l\u2019ajut i la protecci\u00f3 dels sants patrons.<\/p>\n<p>Eixa mateixa nit, a l\u2019\u00c0gora del Parc Central, els membres de totes les comparses que componen la federaci\u00f3 es van reunir en un sopar de germanor per a escoltar el preg\u00f3 que tradicionalment dona inici a les festes de Moros i Cristians, i que enguany ha tingut com a pregonera a l\u2019exalcaldessa de Torrent, Maria Jos\u00e9 Catal\u00e0, qui feu una exaltaci\u00f3 dels vincles que uneixen els protagonistes d\u2019aquestes festes amb la ciutat de Torrent.<\/p>\n<p>D\u2019altra banda, dins dels actes programats en aquesta setmana de celebracions, van tindre gran \u00e8xit les activitats per al p\u00fablic m\u00e9s menut, que congregaren divendres passat multitud de xiquets i xiquetes en la pla\u00e7a de la Uni\u00f3 Musical per a participar en el taller d\u2019<em>origami <\/em>i, despr\u00e9s, gaudir de l\u2019obra de teatre infantil <em>La princesa valenta<\/em>.<\/p>\n<p><img fetchpriority=\"high\" decoding=\"async\" class=\"aligncenter wp-image-45774\" src=\"https:\/\/www.infotorrent.es\/wp-content\/uploads\/2021\/10\/ofrena-scaled.jpg\" alt=\"\" width=\"600\" height=\"338\" \/><\/p>\n<p><img decoding=\"async\" class=\"aligncenter wp-image-45777\" src=\"https:\/\/www.infotorrent.es\/wp-content\/uploads\/2021\/10\/senyera-i-alcalde.jpeg\" alt=\"\" width=\"400\" height=\"533\" \/><\/p>\n","protected":false},"excerpt":{"rendered":"<p>La\u00a0pla\u00e7a\u00a0Major acull un concert extraordinari de la banda simf\u00f2nica del Cercle Cat\u00f2lic La ciutat de Torrent va celebrar el passat cap de setmana el dia gran de les valencianes i els valencians, i aix\u00ed, amb la process\u00f3 c\u00edvica i el concert extraordinari del Cercle Cat\u00f2lic pos\u00e0 fi a una programaci\u00f3 intensa d\u2019una setmana cultural que [&hellip;]<\/p>\n","protected":false},"author":2,"featured_media":14653,"comment_status":"closed","ping_status":"open","sticky":false,"template":"","format":"standard","meta":{"_acf_changed":false,"footnotes":""},"categories":[117,116],"tags":[],"class_list":["post-14651","post","type-post","status-publish","format-standard","has-post-thumbnail","hentry","category-cultura","category-noticies"],"acf":[],"_links":{"self":[{"href":"https:\/\/infotorrent.es\/ca\/wp-json\/wp\/v2\/posts\/14651","targetHints":{"allow":["GET"]}}],"collection":[{"href":"https:\/\/infotorrent.es\/ca\/wp-json\/wp\/v2\/posts"}],"about":[{"href":"https:\/\/infotorrent.es\/ca\/wp-json\/wp\/v2\/types\/post"}],"author":[{"embeddable":true,"href":"https:\/\/infotorrent.es\/ca\/wp-json\/wp\/v2\/users\/2"}],"replies":[{"embeddable":true,"href":"https:\/\/infotorrent.es\/ca\/wp-json\/wp\/v2\/comments?post=14651"}],"version-history":[{"count":0,"href":"https:\/\/infotorrent.es\/ca\/wp-json\/wp\/v2\/posts\/14651\/revisions"}],"wp:featuredmedia":[{"embeddable":true,"href":"https:\/\/infotorrent.es\/ca\/wp-json\/wp\/v2\/media\/14653"}],"wp:attachment":[{"href":"https:\/\/infotorrent.es\/ca\/wp-json\/wp\/v2\/media?parent=14651"}],"wp:term":[{"taxonomy":"category","embeddable":true,"href":"https:\/\/infotorrent.es\/ca\/wp-json\/wp\/v2\/categories?post=14651"},{"taxonomy":"post_tag","embeddable":true,"href":"https:\/\/infotorrent.es\/ca\/wp-json\/wp\/v2\/tags?post=14651"}],"curies":[{"name":"wp","href":"https:\/\/api.w.org\/{rel}","templated":true}]}}