{"id":14642,"date":"2021-10-15T08:53:10","date_gmt":"2021-10-15T08:53:10","guid":{"rendered":"https:\/\/infotorrent.es\/uncategorized\/torrent-participa-en-la-jornada-central-del-projecte-valencia-per-la-pau-del-fons-valencia-per-la-solidaritat\/"},"modified":"2021-10-15T08:54:50","modified_gmt":"2021-10-15T08:54:50","slug":"torrent-participa-en-la-jornada-central-del-projecte-valencia-per-la-pau-del-fons-valencia-per-la-solidaritat","status":"publish","type":"post","link":"https:\/\/infotorrent.es\/ca\/noticies\/torrent-participa-en-la-jornada-central-del-projecte-valencia-per-la-pau-del-fons-valencia-per-la-solidaritat\/","title":{"rendered":"Torrent participa en la jornada central del projecte \u2018Val\u00e8ncia per la Pau\u2019 del Fons Valenci\u00e0 per la Solidaritat"},"content":{"rendered":"<h4 style=\"text-align: center;\"><span style=\"color: #000080;\"><strong>La realitzaci\u00f3 d\u2019un seminari, on han participat ponents com \u00a0Federico\u00a0Mayor\u00a0Zaragoza, president de la\u00a0Fundaci\u00f3\u00a0Cultura de\u00a0Paz\u00a0i exdirector general de la UNESCO, i Lola Ba\u00f1\u00f3n, periodista, professora i activista pels drets humans, ha centrat aquesta jornada<\/strong><\/span><\/h4>\n<h4 style=\"text-align: center;\"><span style=\"color: #000080;\"><strong>\u00a0<\/strong><\/span><\/h4>\n<h4 style=\"text-align: center;\"><span style=\"color: #000080;\"><strong>En la jornada formativa, celebrada a Picassent, hi ha participat Jos\u00e9 Antonio Castillejo, regidor d\u2019Atenci\u00f3 i Solidaritat de l\u2019Ajuntament de Torrent<\/strong><\/span><\/h4>\n<p>Jos\u00e9 Antonio Castillejo, regidor d\u2019Atenci\u00f3 i Solidaritat de l\u2019Ajuntament de Torrent, ha participat a Picassent en la jornada \u201cODS16: Ciutadania per la pau. Educaci\u00f3 en el conflicte i per al conflicte<em>\u201d<\/em> del Fons Valenci\u00e0 per la Solidaritat, en el marc del projecte <em>\u201c<\/em>Val\u00e8ncia per la Pau<em>\u201d<\/em>, cofinan\u00e7at per la Diputaci\u00f3 de Val\u00e8ncia i amb la\u00a0col\u00b7laboraci\u00f3\u00a0de l\u2019Ajuntament de Picassent. La jornada ha estat presentada institucionalment per Conxa Garcia, alcaldessa de Picassent, Mentxu\u00a0Balaguer, diputada de Cooperaci\u00f3 Internacional de la Diputaci\u00f3 de Val\u00e8ncia, i \u00c1lvaro\u00a0Escorihuela, president del Fons Valenci\u00e0 i regidor de Serveis Socials a l\u2019Ajuntament de Vila-real. Al seminari tamb\u00e9 han assistit diferents edils, com ara Ver\u00f3nica Ferri, vicepresidenta del Fons i regidora de Serveis Socials a l\u2019Ajuntament de Canals; Rosa Mart\u00ednez, vocal del Fons i tinenta d\u2019Alcaldia de l\u2019Alc\u00fadia; Ferran Lloret, vocal del Fons i tinent d\u2019Alcaldia de Pedreguer; Vicent Marrades, vocal del Fons i alcalde de Corbera; Carles Silla, regidor de Solidaritat a l\u2019Ajuntament de Picassent; Bel\u00e9n Bernat, regidora d\u2019Educaci\u00f3 a l\u2019Ajuntament de Picassent; i altres edils de municipis que s\u00f3n socis del Fons Valenci\u00e0 per la Solidaritat.<\/p>\n<p>&nbsp;<\/p>\n<p>La jornada ha comptat amb Federico Mayor Zaragoza, president de la Fundaci\u00f3 Cultura de Paz i exdirector general de la UNESCO, qui ha exposat, des d\u2019una mirada col\u00b7lectiva, la cultura basada en la pau i la no-viol\u00e8ncia, aix\u00ed com la import\u00e0ncia de la cooperaci\u00f3 i la solidaritat en la seua construcci\u00f3 global. Posteriorment s\u2019ha projectat el documental <em>Els Fils del Tauler<\/em>, del col\u00b7lectiu Mirades, amb la presentaci\u00f3 de Josep Gay\u00e0, director del documental. Aquesta projecci\u00f3 exposa les causes i conseq\u00fc\u00e8ncies que generen els conflictes b\u00e8l\u00b7lics i ha estat seguida d&#8217;un espai per a la reflexi\u00f3 col\u00b7lectiva, on han participat Claudia Garc\u00eda Giraldo, refugiada colombiana, i Oum Saad Mohamed, refugiada sahrau\u00ed. Per \u00faltim, la reconeguda periodista, doctora, professora i defensora dels drets humans, Lola Ba\u00f1\u00f3n, especialitzada en pol\u00edtiques d\u2019igualtat de g\u00e8nere, ha impartit una pon\u00e8ncia on ha posat l\u2019accent en totes les v\u00edctimes dels conflictes, i ha valorat una mirada no exclusiva en la consecuci\u00f3 de la cultura de la pau. La jornada ha acabat amb la cloenda institucional per part de Ver\u00f2nica Ferri, vicepresidenta del Fons, i Carlos Silla, regidor de Solidaritat de l\u2019Ajuntament de Picassent.<\/p>\n<p><em>\u201c<\/em>Val\u00e8ncia per la Pau<em>\u201d<\/em> \u00e9s un projecte que t\u00e9 l\u2019objectiu d\u2019acostar l\u2019ODS n\u00famero 16 (Pau, Just\u00edcia i Institucions S\u00f2lides) a la poblaci\u00f3 valenciana, per a conscienciar-la sobre la construcci\u00f3 de societats pac\u00edfiques, justes i amb institucions democr\u00e0tiques que respecten les llibertats i els drets humans, mitjan\u00e7ant diverses activitats did\u00e0ctiques i de sensibilitzaci\u00f3, basades en la cultura de la pau i la no-viol\u00e8ncia. A m\u00e9s, aquesta segona edici\u00f3 es completa amb l\u2019exposici\u00f3 <em>\u201c<\/em>El Fil de la Por<em>\u201d<\/em>, dissenyada per Suc Estudis Creatius.<img fetchpriority=\"high\" decoding=\"async\" class=\"aligncenter wp-image-45755\" src=\"https:\/\/www.infotorrent.es\/wp-content\/uploads\/2021\/10\/211007_Fons-valencia-per-la-solidaritat_Foto.jpg\" alt=\"\" width=\"600\" height=\"400\" \/><\/p>\n","protected":false},"excerpt":{"rendered":"<p>La realitzaci\u00f3 d\u2019un seminari, on han participat ponents com \u00a0Federico\u00a0Mayor\u00a0Zaragoza, president de la\u00a0Fundaci\u00f3\u00a0Cultura de\u00a0Paz\u00a0i exdirector general de la UNESCO, i Lola Ba\u00f1\u00f3n, periodista, professora i activista pels drets humans, ha centrat aquesta jornada \u00a0 En la jornada formativa, celebrada a Picassent, hi ha participat Jos\u00e9 Antonio Castillejo, regidor d\u2019Atenci\u00f3 i Solidaritat de l\u2019Ajuntament de Torrent [&hellip;]<\/p>\n","protected":false},"author":2,"featured_media":14644,"comment_status":"closed","ping_status":"open","sticky":false,"template":"","format":"standard","meta":{"_acf_changed":false,"footnotes":""},"categories":[122,116],"tags":[],"class_list":["post-14642","post","type-post","status-publish","format-standard","has-post-thumbnail","hentry","category-benestar-social","category-noticies"],"acf":[],"_links":{"self":[{"href":"https:\/\/infotorrent.es\/ca\/wp-json\/wp\/v2\/posts\/14642","targetHints":{"allow":["GET"]}}],"collection":[{"href":"https:\/\/infotorrent.es\/ca\/wp-json\/wp\/v2\/posts"}],"about":[{"href":"https:\/\/infotorrent.es\/ca\/wp-json\/wp\/v2\/types\/post"}],"author":[{"embeddable":true,"href":"https:\/\/infotorrent.es\/ca\/wp-json\/wp\/v2\/users\/2"}],"replies":[{"embeddable":true,"href":"https:\/\/infotorrent.es\/ca\/wp-json\/wp\/v2\/comments?post=14642"}],"version-history":[{"count":0,"href":"https:\/\/infotorrent.es\/ca\/wp-json\/wp\/v2\/posts\/14642\/revisions"}],"wp:featuredmedia":[{"embeddable":true,"href":"https:\/\/infotorrent.es\/ca\/wp-json\/wp\/v2\/media\/14644"}],"wp:attachment":[{"href":"https:\/\/infotorrent.es\/ca\/wp-json\/wp\/v2\/media?parent=14642"}],"wp:term":[{"taxonomy":"category","embeddable":true,"href":"https:\/\/infotorrent.es\/ca\/wp-json\/wp\/v2\/categories?post=14642"},{"taxonomy":"post_tag","embeddable":true,"href":"https:\/\/infotorrent.es\/ca\/wp-json\/wp\/v2\/tags?post=14642"}],"curies":[{"name":"wp","href":"https:\/\/api.w.org\/{rel}","templated":true}]}}