{"id":14630,"date":"2021-10-06T09:42:20","date_gmt":"2021-10-06T09:42:20","guid":{"rendered":"https:\/\/infotorrent.es\/uncategorized\/torrent-renova-el-conveni-de-collaboracio-amb-les-societats-musicals-de-la-ciutat\/"},"modified":"2021-10-06T09:39:46","modified_gmt":"2021-10-06T09:39:46","slug":"torrent-renova-el-conveni-de-collaboracio-amb-les-societats-musicals-de-la-ciutat","status":"publish","type":"post","link":"https:\/\/infotorrent.es\/ca\/noticies\/torrent-renova-el-conveni-de-collaboracio-amb-les-societats-musicals-de-la-ciutat\/","title":{"rendered":"Torrent renova el conveni de col\u2022laboraci\u00f3 amb les societats musicals de la ciutat"},"content":{"rendered":"<p><span style=\"color: #333399;\"><strong>El consistori es reafirma en la difusi\u00f3 cultural a trav\u00e9s de la Uni\u00f3\u00a0Musical de Torrent i del Cercle\u00a0Cat\u00f2lic<\/strong><\/span><\/p>\n<p>Un altre any m\u00e9s, amb el mateix objectiu de promoure la cultura i la m\u00fasica, l&#8217;Ajuntament de Torrent ha signat un conveni amb la UMT i el Cercle Cat\u00f2lic. Es reafirmen aix\u00ed les col\u00b7laboracions que el consistori i les societats musicals han dut a terme per a fomentar i promoure la projecci\u00f3 d&#8217;aquestes bandes de m\u00fasica, tant en l\u2019\u00e0mbit estatal i internacional com en l&#8217;\u00e0mbit local.<\/p>\n<p>Amb aquest prop\u00f2sit, l&#8217;alcalde Jes\u00fas Ros, acompanyat per la regidora de Cultura, Susi Ferrer, han rebut en el despatx del primer edil els representants d&#8217;aquestes societats musicals per a la signatura dels documents que acrediten la col\u00b7laboraci\u00f3.<\/p>\n<p>La regidora de Cultura ha destacat que \u201cd&#8217;aquesta manera, s&#8217;estableix un programa de promoci\u00f3 per a les activitats culturals, tradicionals i festives, i s\u2019optimitzen els recursos i els resultats, amb la conseg\u00fcent millora dels serveis culturals que s&#8217;ofereixen a la ciutadania\u201d.<\/p>\n<p>Un altre aspecte que tamb\u00e9 regulen aquests convenis de col\u00b7laboraci\u00f3 \u00e9s afavorir la formaci\u00f3 musical dels torrentins i les torrentines a trav\u00e9s de les seues escoles musicals.<\/p>\n<p><img fetchpriority=\"high\" decoding=\"async\" class=\"aligncenter wp-image-45709\" src=\"https:\/\/www.infotorrent.es\/wp-content\/uploads\/2021\/10\/211005_Firma-Convenio-Bandas-de-m\u00fasica_2-scaled.jpg\" alt=\"\" width=\"400\" height=\"267\" \/><\/p>\n","protected":false},"excerpt":{"rendered":"<p>El consistori es reafirma en la difusi\u00f3 cultural a trav\u00e9s de la Uni\u00f3\u00a0Musical de Torrent i del Cercle\u00a0Cat\u00f2lic Un altre any m\u00e9s, amb el mateix objectiu de promoure la cultura i la m\u00fasica, l&#8217;Ajuntament de Torrent ha signat un conveni amb la UMT i el Cercle Cat\u00f2lic. Es reafirmen aix\u00ed les col\u00b7laboracions que el consistori [&hellip;]<\/p>\n","protected":false},"author":2,"featured_media":14632,"comment_status":"closed","ping_status":"open","sticky":false,"template":"","format":"standard","meta":{"_acf_changed":false,"footnotes":""},"categories":[117,116],"tags":[],"class_list":["post-14630","post","type-post","status-publish","format-standard","has-post-thumbnail","hentry","category-cultura","category-noticies"],"acf":[],"_links":{"self":[{"href":"https:\/\/infotorrent.es\/ca\/wp-json\/wp\/v2\/posts\/14630","targetHints":{"allow":["GET"]}}],"collection":[{"href":"https:\/\/infotorrent.es\/ca\/wp-json\/wp\/v2\/posts"}],"about":[{"href":"https:\/\/infotorrent.es\/ca\/wp-json\/wp\/v2\/types\/post"}],"author":[{"embeddable":true,"href":"https:\/\/infotorrent.es\/ca\/wp-json\/wp\/v2\/users\/2"}],"replies":[{"embeddable":true,"href":"https:\/\/infotorrent.es\/ca\/wp-json\/wp\/v2\/comments?post=14630"}],"version-history":[{"count":0,"href":"https:\/\/infotorrent.es\/ca\/wp-json\/wp\/v2\/posts\/14630\/revisions"}],"wp:featuredmedia":[{"embeddable":true,"href":"https:\/\/infotorrent.es\/ca\/wp-json\/wp\/v2\/media\/14632"}],"wp:attachment":[{"href":"https:\/\/infotorrent.es\/ca\/wp-json\/wp\/v2\/media?parent=14630"}],"wp:term":[{"taxonomy":"category","embeddable":true,"href":"https:\/\/infotorrent.es\/ca\/wp-json\/wp\/v2\/categories?post=14630"},{"taxonomy":"post_tag","embeddable":true,"href":"https:\/\/infotorrent.es\/ca\/wp-json\/wp\/v2\/tags?post=14630"}],"curies":[{"name":"wp","href":"https:\/\/api.w.org\/{rel}","templated":true}]}}