{"id":14627,"date":"2021-10-05T09:47:31","date_gmt":"2021-10-05T09:47:31","guid":{"rendered":"https:\/\/infotorrent.es\/uncategorized\/torrent-inicia-su-semana-cultural-con-motivo-del-nou-doctubre\/"},"modified":"2021-10-05T09:52:25","modified_gmt":"2021-10-05T09:52:25","slug":"torrent-inicia-su-semana-cultural-con-motivo-del-nou-doctubre","status":"publish","type":"post","link":"https:\/\/infotorrent.es\/ca\/noticies\/torrent-inicia-su-semana-cultural-con-motivo-del-nou-doctubre\/","title":{"rendered":"Torrent inicia la setmana cultural del Nou d\u2019octubre"},"content":{"rendered":"<p><span style=\"color: #333399;\"><strong>La\u00a0pla\u00e7a\u00a0Major acull un cap de setmana de dansa i m\u00fasica tradicional valenciana i l\u2019\u00a0Auditori presenta el cicle \u2018Dones de cinema\u2019<\/strong><\/span><\/p>\n<p>Amb motiu de la celebraci\u00f3 del Dia Internacional de les Persones Majors, el primer cap de setmana d&#8217;octubre, l&#8217;Ajuntament de Torrent ha organitzat diverses actuacions i espectacles.<\/p>\n<p>La\u00a0pla\u00e7a\u00a0Major va acollir la vesprada de divendres un espectacle de balls i m\u00fasica tradicional valenciana, en qu\u00e8 va participar el Grup de\u00a0Ball L\u2019U i el Dos de Torrent. Pr\u00e8viament, a la sala c\u00edvica de l\u2019\u00a0Antic\u00a0Mercat, es va oferir debades un concert a c\u00e0rrec de l&#8217;agrupaci\u00f3 musical Els\u00a0Majors\u00a0de\u00a0l&#8217;Horta\u00a0Sud, amb el qual es commemorava a m\u00e9s el Dia Internacional de les Persones Majors.<\/p>\n<p>A l&#8217;acte van acudir com a convidats diversos membres de la corporaci\u00f3 municipal, que acompanyaren l&#8217;alcalde Jes\u00fas Ros i els familiars i amics dels membres d&#8217;aquesta agrupaci\u00f3 musical, que reuneix components d&#8217;altres bandes ve\u00efnes, per a gaudir d&#8217;un repertori que inclo\u00efa peces cl\u00e0ssiques, boleros i pasdobles executats amb gran voluntat pels m\u00fasics.<\/p>\n<p>D\u2019altra banda, el Grup\u00a0de\u00a0Ball\u00a0de\u00a0Torrent i el Grup d\u2019Albades\u00a0 i Danses Els\u00a0Llauradors\u00a0de\u00a0Torrent van oferir el seu espectacle les vesprades de dissabte i diumenge, respectivament, i mostraren al p\u00fablic present un variat repertori dels balls i les can\u00e7ons populars tradicionalment lligades al folklore valenci\u00e0.<\/p>\n<p>La pla\u00e7a d\u2019Antonio\u00a0Panes va ser l&#8217;escenari per als tallers d&#8217;animaci\u00f3 infantil i un espectacle teatral que van completar aquestes dues jornades festives de celebraci\u00f3 de la setmana cultural.<\/p>\n<p>Finalment, l\u2019Auditori va iniciar divendres un cicle de cinema independent dedicat a les dones del cinema que va ocupar les vesprades de dissabte i de diumenge amb unes sessions d&#8217;entrada lliure i gratu\u00eftes.<\/p>\n<p><img fetchpriority=\"high\" decoding=\"async\" class=\"aligncenter wp-image-45691\" src=\"https:\/\/www.infotorrent.es\/wp-content\/uploads\/2021\/10\/IMG_9208.jpg\" alt=\"\" width=\"400\" height=\"267\" \/><\/p>\n<p><img decoding=\"async\" class=\"aligncenter wp-image-45693\" src=\"https:\/\/www.infotorrent.es\/wp-content\/uploads\/2021\/10\/IMG_9019.jpg\" alt=\"\" width=\"400\" height=\"267\" \/><\/p>\n<p><img decoding=\"async\" class=\"aligncenter wp-image-45695\" src=\"https:\/\/www.infotorrent.es\/wp-content\/uploads\/2021\/10\/IMG_0097_jpg.jpg\" alt=\"\" width=\"400\" height=\"706\" \/><\/p>\n","protected":false},"excerpt":{"rendered":"<p>La\u00a0pla\u00e7a\u00a0Major acull un cap de setmana de dansa i m\u00fasica tradicional valenciana i l\u2019\u00a0Auditori presenta el cicle \u2018Dones de cinema\u2019 Amb motiu de la celebraci\u00f3 del Dia Internacional de les Persones Majors, el primer cap de setmana d&#8217;octubre, l&#8217;Ajuntament de Torrent ha organitzat diverses actuacions i espectacles. La\u00a0pla\u00e7a\u00a0Major va acollir la vesprada de divendres un [&hellip;]<\/p>\n","protected":false},"author":2,"featured_media":14629,"comment_status":"closed","ping_status":"open","sticky":false,"template":"","format":"standard","meta":{"_acf_changed":false,"footnotes":""},"categories":[126,116],"tags":[],"class_list":["post-14627","post","type-post","status-publish","format-standard","has-post-thumbnail","hentry","category-cultura-es-2","category-noticies"],"acf":[],"_links":{"self":[{"href":"https:\/\/infotorrent.es\/ca\/wp-json\/wp\/v2\/posts\/14627","targetHints":{"allow":["GET"]}}],"collection":[{"href":"https:\/\/infotorrent.es\/ca\/wp-json\/wp\/v2\/posts"}],"about":[{"href":"https:\/\/infotorrent.es\/ca\/wp-json\/wp\/v2\/types\/post"}],"author":[{"embeddable":true,"href":"https:\/\/infotorrent.es\/ca\/wp-json\/wp\/v2\/users\/2"}],"replies":[{"embeddable":true,"href":"https:\/\/infotorrent.es\/ca\/wp-json\/wp\/v2\/comments?post=14627"}],"version-history":[{"count":0,"href":"https:\/\/infotorrent.es\/ca\/wp-json\/wp\/v2\/posts\/14627\/revisions"}],"wp:featuredmedia":[{"embeddable":true,"href":"https:\/\/infotorrent.es\/ca\/wp-json\/wp\/v2\/media\/14629"}],"wp:attachment":[{"href":"https:\/\/infotorrent.es\/ca\/wp-json\/wp\/v2\/media?parent=14627"}],"wp:term":[{"taxonomy":"category","embeddable":true,"href":"https:\/\/infotorrent.es\/ca\/wp-json\/wp\/v2\/categories?post=14627"},{"taxonomy":"post_tag","embeddable":true,"href":"https:\/\/infotorrent.es\/ca\/wp-json\/wp\/v2\/tags?post=14627"}],"curies":[{"name":"wp","href":"https:\/\/api.w.org\/{rel}","templated":true}]}}