{"id":14615,"date":"2021-10-04T12:09:03","date_gmt":"2021-10-04T12:09:03","guid":{"rendered":"https:\/\/infotorrent.es\/uncategorized\/arranca-la-48a-fira-del-llibre-de-torrent\/"},"modified":"2021-10-04T12:11:02","modified_gmt":"2021-10-04T12:11:02","slug":"arranca-la-48a-fira-del-llibre-de-torrent","status":"publish","type":"post","link":"https:\/\/infotorrent.es\/ca\/noticies\/arranca-la-48a-fira-del-llibre-de-torrent\/","title":{"rendered":"Arranca la 48a Fira del Llibre de Torrent"},"content":{"rendered":"<p><strong>Primeres jornades plenes de\u00a0contacontes i tallers infantils<\/strong><\/p>\n<p>Un any m\u00e9s, l&#8217;Ajuntament de Torrent, per mitj\u00e0 de la delegaci\u00f3 d&#8217;Arxius i Biblioteques, ha organitzat la tradicional Fira del Llibre. Enguany, en la seua 48a edici\u00f3, la Fira promet oferir una setmana intensa d&#8217;activitats, tallers, presentacions i signatura de llibres,\u00a0contacontes i algunes activitats d&#8217;animaci\u00f3 dirigides especialment al p\u00fablic infantil. D&#8217;aquesta manera, s&#8217;ha pret\u00e8s abastar a un ampli sector de p\u00fablic, tant adult com infantil, i animar a tots i totes a gaudir de les lletres en tots els seus \u00e0mbits i modalitats.<\/p>\n<p>En l&#8217;acte d&#8217;inauguraci\u00f3, que va tenir lloc la vesprada del dijous en la pla\u00e7a Uni\u00f3 Musical, van estar presents representants de les casetes, que enguany presentaran les novetats i ofertes editorials de les seues respectives llibreries, i van rebre la visita de la regidora d&#8217;Educaci\u00f3, Patricia S\u00e1ez, interessada per con\u00e8ixer els testimoniatges dels llibreters, tan importants en la vida di\u00e0ria dels ciutadans durant aquests \u00faltims temps de confinament.<\/p>\n<p>Entre les activitats l\u00fadiques i recreatives que portar\u00e0 aquesta setmana, li ha correspost iniciar la programaci\u00f3 al concert infantil <em>Laia, dos b\u00e0rbars i un viking<\/em>, que va ser interpretat pel grup\u00a0Rebombori Cultural.<\/p>\n<p>&#8220;Esperem que aquesta 48a Fira del Llibre done continu\u00eftat a les passades edicions -l&#8217;\u00faltima a celebrar-se va ser a l&#8217;octubre del 19-, i continue potenciant el gust per la lectura, mentre s&#8217;anima als joves lectors a participar del plaer de llegir i compartir-lo amb els seus familiars i coneguts&#8221;, ha comentat la regidora d&#8217;Educaci\u00f3, que tamb\u00e9 ha aprofitat aquesta oportunitat per a agrair el paper de mestres i professors i de tots quants pertanyen al m\u00f3n educatiu i docent, sempre al costat dels llibres.<br \/>\nEntre les activitats per al divendres, destaquen una altra vegada els espectacles i activitats per al p\u00fablic m\u00e9s xicotet: una matinal de\u00a0contacontes, amb\u00a0Kummerlin i\u00a0<em>Els animals volen anar a la biblioteca. Els contem un conte?<\/em>; al migdia, un taller per a crear les seues pr\u00f2pies m\u00e0scares; i finalitzen les activitats per a xiquets amb una altra sessi\u00f3 de\u00a0contacontes, <em>I tu qu\u00e8 vols ser?<\/em>, a c\u00e0rrec de Marta Pereira.<\/p>\n<p>La jornada del divendres es tanca amb la presentaci\u00f3 del llibre <em>Abecedari impossible<\/em>, de Salom\u00e9 Chulvi; l&#8217;associaci\u00f3 cultural Torrent de\u00a0Paraules oferir\u00e0, en finalitzar la presentaci\u00f3 del llibre, un recital de poesia i homenatge a Federico Garc\u00eda Lorca. Per part seua, Isabel Olmos i Alfred Ramos tancaran els actes d&#8217;aquesta jornada amb la presentaci\u00f3 d&#8217;un altre llibre,\u00a0<em>Contes\u00a0per a tu.\u00a0Homenatge a Lloren\u00e7 Gim\u00e9nez<\/em>, un homenatge a l&#8217;admirat\u00a0contacontes que roman en la mem\u00f2ria de tots com &#8220;el mag de les paraules i el somriure&#8221;.<\/p>\n<p>L&#8217;activitat cultural continuar\u00e0 durant aquest pr\u00f2xim cap de setmana amb les jornades del dissabte i el diumenge, que se centren especialment en moltes m\u00e9s activitats per al p\u00fablic infantil, amb la particular participaci\u00f3 del col\u00b7lectiu\u00a0Soterranya, que col\u00b7labora amb la delegaci\u00f3 d&#8217;Arxius i Biblioteques per a presentar\u00a0\u201cBicillibres al\u00a0carrer\u201d, activitat d\u2019animaci\u00f3 que tindr\u00e0 lloc el dissabte a les 19.15; i la\u00a0<em>Sessi\u00f3 de\u00a0narraci\u00f3 oral a\u00a0ritme de swing &amp; jazz<\/em>, on\u00a0M\u00e9s que tres oferir\u00e0 m\u00fasica i hist\u00f2ries per a entretenir.<\/p>\n<p>Finalment, el diumenge tancar\u00e0 aquests actes de la\u00a0Fira del\u00a0Llibre de Torrent amb la presentaci\u00f3 de l&#8217;obra\u00a0<em>Animalades\u00a0Didasc\u00e0liques<\/em>, animaci\u00f3 per a fomentar la lectura i la\u00a0relflexi\u00f3, que ens portar\u00e0\u00a0Cucuruc\u00fa\u00a0Teatre.<\/p>\n<p><a href=\"https:\/\/www.infotorrent.es\/wp-content\/uploads\/2021\/10\/Fira-llibre-3.jpg\"><img fetchpriority=\"high\" decoding=\"async\" class=\"alignnone size-full wp-image-45624\" src=\"https:\/\/www.infotorrent.es\/wp-content\/uploads\/2021\/10\/Fira-llibre-3.jpg\" alt=\"\" width=\"2560\" height=\"1707\" \/><\/a><\/p>\n","protected":false},"excerpt":{"rendered":"<p>Primeres jornades plenes de\u00a0contacontes i tallers infantils Un any m\u00e9s, l&#8217;Ajuntament de Torrent, per mitj\u00e0 de la delegaci\u00f3 d&#8217;Arxius i Biblioteques, ha organitzat la tradicional Fira del Llibre. Enguany, en la seua 48a edici\u00f3, la Fira promet oferir una setmana intensa d&#8217;activitats, tallers, presentacions i signatura de llibres,\u00a0contacontes i algunes activitats d&#8217;animaci\u00f3 dirigides especialment al [&hellip;]<\/p>\n","protected":false},"author":5,"featured_media":14617,"comment_status":"closed","ping_status":"open","sticky":false,"template":"","format":"standard","meta":{"_acf_changed":false,"footnotes":""},"categories":[117,116],"tags":[],"class_list":["post-14615","post","type-post","status-publish","format-standard","has-post-thumbnail","hentry","category-cultura","category-noticies"],"acf":[],"_links":{"self":[{"href":"https:\/\/infotorrent.es\/ca\/wp-json\/wp\/v2\/posts\/14615","targetHints":{"allow":["GET"]}}],"collection":[{"href":"https:\/\/infotorrent.es\/ca\/wp-json\/wp\/v2\/posts"}],"about":[{"href":"https:\/\/infotorrent.es\/ca\/wp-json\/wp\/v2\/types\/post"}],"author":[{"embeddable":true,"href":"https:\/\/infotorrent.es\/ca\/wp-json\/wp\/v2\/users\/5"}],"replies":[{"embeddable":true,"href":"https:\/\/infotorrent.es\/ca\/wp-json\/wp\/v2\/comments?post=14615"}],"version-history":[{"count":0,"href":"https:\/\/infotorrent.es\/ca\/wp-json\/wp\/v2\/posts\/14615\/revisions"}],"wp:featuredmedia":[{"embeddable":true,"href":"https:\/\/infotorrent.es\/ca\/wp-json\/wp\/v2\/media\/14617"}],"wp:attachment":[{"href":"https:\/\/infotorrent.es\/ca\/wp-json\/wp\/v2\/media?parent=14615"}],"wp:term":[{"taxonomy":"category","embeddable":true,"href":"https:\/\/infotorrent.es\/ca\/wp-json\/wp\/v2\/categories?post=14615"},{"taxonomy":"post_tag","embeddable":true,"href":"https:\/\/infotorrent.es\/ca\/wp-json\/wp\/v2\/tags?post=14615"}],"curies":[{"name":"wp","href":"https:\/\/api.w.org\/{rel}","templated":true}]}}