{"id":14611,"date":"2021-10-01T13:31:46","date_gmt":"2021-10-01T13:31:46","guid":{"rendered":"https:\/\/infotorrent.es\/uncategorized\/la-semana-cultural-presenta-una-exposicion-fotografica-colectiva-del-club-de-fotografia-de-torrent\/"},"modified":"2021-10-01T13:27:29","modified_gmt":"2021-10-01T13:27:29","slug":"la-semana-cultural-presenta-una-exposicion-fotografica-colectiva-del-club-de-fotografia-de-torrent","status":"publish","type":"post","link":"https:\/\/infotorrent.es\/ca\/noticies\/la-semana-cultural-presenta-una-exposicion-fotografica-colectiva-del-club-de-fotografia-de-torrent\/","title":{"rendered":"La Setmana Cultural presenta una exposici\u00f3 fotogr\u00e0fica col\u00b7lectiva del Club de Fotografia de Torrent"},"content":{"rendered":"<p><strong>Del 2 al 16 d&#8217;octubre la Sala L\u2019Espai presenta l&#8217;exposici\u00f3<br \/>\n\u2018El\u00a0meu\u00a0poble, Torrent\u2019<\/strong><\/p>\n<p><strong>\u00a0<\/strong><\/p>\n<p>La sala d&#8217;exposicions L\u2019Espai, en l&#8217;edifici Metro Avinguda de Torrent, acull aquest cap de setmana una exposici\u00f3 fotogr\u00e0fica col\u00b7lectiva organitzada pel Club de Fotografia de Torrent.<\/p>\n<p>El Club de Fotografia de Torrent \u00e9s una associaci\u00f3 cultural creada per iniciativa d&#8217;un grup de persones amants de la fotografia, que es van proposar constituir una associaci\u00f3 en la qual poder desenvolupar activitats per a difondre la pr\u00e0ctica i l&#8217;aprenentatge de la fotografia.<\/p>\n<p>Un objectiu essencial del club \u00e9s participar de la vida de la ciutat i connectar amb ella a trav\u00e9s de la fotografia. I aquesta ha sigut la ra\u00f3, i la motivaci\u00f3, per la qual els membres del club i el seu president, Fernando Blasco, han organitzat l&#8217;exposici\u00f3 titulada <em>El\u00a0meu\u00a0poble,\u00a0Torrent<\/em>. El prop\u00f2sit d&#8217;aquesta experi\u00e8ncia \u00e9s, comenta el president del club, reunir en un treball conjunt de socis i s\u00f2cies tots els punts de vista possibles, cadascuna de les experi\u00e8ncies particulars sobre com es veu i com els autors i autores contemplen la ciutat en cada instant\u00e0nia.<\/p>\n<p>L&#8217;exposici\u00f3 es podr\u00e0 visitar del 2 al 16 d&#8217;octubre, en la sala L\u2019Espai, segona planta de l&#8217;edifici Metro\u00a0Avinguda, de dilluns a divendres fins a les 20.15 h, el mat\u00ed del dissabte fins a les 12.45 h, mentre que diumenges i festius \u2013dies 3,9,10,12 d&#8217;octubre- l&#8217;exposici\u00f3 estar\u00e0 tancada al p\u00fablic.<\/p>\n<p>&nbsp;<\/p>\n<p><a href=\"https:\/\/www.infotorrent.es\/wp-content\/uploads\/2021\/10\/image001.jpg\"><img fetchpriority=\"high\" decoding=\"async\" class=\"size-full wp-image-45608 aligncenter\" src=\"https:\/\/www.infotorrent.es\/wp-content\/uploads\/2021\/10\/image001.jpg\" alt=\"\" width=\"678\" height=\"384\" \/><\/a><\/p>\n","protected":false},"excerpt":{"rendered":"<p>Del 2 al 16 d&#8217;octubre la Sala L\u2019Espai presenta l&#8217;exposici\u00f3 \u2018El\u00a0meu\u00a0poble, Torrent\u2019 \u00a0 La sala d&#8217;exposicions L\u2019Espai, en l&#8217;edifici Metro Avinguda de Torrent, acull aquest cap de setmana una exposici\u00f3 fotogr\u00e0fica col\u00b7lectiva organitzada pel Club de Fotografia de Torrent. El Club de Fotografia de Torrent \u00e9s una associaci\u00f3 cultural creada per iniciativa d&#8217;un grup de [&hellip;]<\/p>\n","protected":false},"author":5,"featured_media":14613,"comment_status":"closed","ping_status":"open","sticky":false,"template":"","format":"standard","meta":{"_acf_changed":false,"footnotes":""},"categories":[117,116],"tags":[],"class_list":["post-14611","post","type-post","status-publish","format-standard","has-post-thumbnail","hentry","category-cultura","category-noticies"],"acf":[],"_links":{"self":[{"href":"https:\/\/infotorrent.es\/ca\/wp-json\/wp\/v2\/posts\/14611","targetHints":{"allow":["GET"]}}],"collection":[{"href":"https:\/\/infotorrent.es\/ca\/wp-json\/wp\/v2\/posts"}],"about":[{"href":"https:\/\/infotorrent.es\/ca\/wp-json\/wp\/v2\/types\/post"}],"author":[{"embeddable":true,"href":"https:\/\/infotorrent.es\/ca\/wp-json\/wp\/v2\/users\/5"}],"replies":[{"embeddable":true,"href":"https:\/\/infotorrent.es\/ca\/wp-json\/wp\/v2\/comments?post=14611"}],"version-history":[{"count":0,"href":"https:\/\/infotorrent.es\/ca\/wp-json\/wp\/v2\/posts\/14611\/revisions"}],"wp:featuredmedia":[{"embeddable":true,"href":"https:\/\/infotorrent.es\/ca\/wp-json\/wp\/v2\/media\/14613"}],"wp:attachment":[{"href":"https:\/\/infotorrent.es\/ca\/wp-json\/wp\/v2\/media?parent=14611"}],"wp:term":[{"taxonomy":"category","embeddable":true,"href":"https:\/\/infotorrent.es\/ca\/wp-json\/wp\/v2\/categories?post=14611"},{"taxonomy":"post_tag","embeddable":true,"href":"https:\/\/infotorrent.es\/ca\/wp-json\/wp\/v2\/tags?post=14611"}],"curies":[{"name":"wp","href":"https:\/\/api.w.org\/{rel}","templated":true}]}}