{"id":14450,"date":"2021-08-17T11:05:23","date_gmt":"2021-08-17T11:05:23","guid":{"rendered":"https:\/\/infotorrent.es\/uncategorized\/torrent-celebra-la-mare-de-deu-dagost-en-lesglesia-de-lassumpcio\/"},"modified":"2021-08-17T11:05:23","modified_gmt":"2021-08-17T11:05:23","slug":"torrent-celebra-la-mare-de-deu-dagost-en-lesglesia-de-lassumpcio","status":"publish","type":"post","link":"https:\/\/infotorrent.es\/ca\/noticies\/torrent-celebra-la-mare-de-deu-dagost-en-lesglesia-de-lassumpcio\/","title":{"rendered":"Torrent celebra la \u2018Mare de D\u00e9u d\u2019Agost\u2019 en l\u2019Esgl\u00e8sia de l\u2019Assumpci\u00f3"},"content":{"rendered":"<p style=\"text-align: justify;\">Com cada estiu, la parr\u00f2quia de l\u2019Assumpci\u00f3 de Torrent ha celebrat la festivitat de la `Mare de D\u00e9u d&#8217;agost\u00b4. Els actes \u00e9s van iniciar el passat dissabte 14 d\u2019agost amb els v\u00edsperes i una missa en sufragi dels confrares difuntes de l\u2019Assumpci\u00f3. En finalitzar, \u00e9s va cantar l\u2019Akathistos que \u00e9s l\u2019himne mari\u00e0 m\u00e9s fam\u00f3s de l\u2019Esgl\u00e9sia.<\/p>\n<p style=\"text-align: justify;\">Diumenge, per al dia de la seua festa, se celebr\u00e0 la Missa major i l\u2019Eucaristia; l\u2019acte central de la cerim\u00f2nia va comptar amb l\u2019assist\u00e8ncia dels clavarieses i de la clavariesa major, Isabel D\u00edaz, que feren una ofrena de flors a la Mare de D\u00e9u, situada en un t\u00famul i envoltada dels tradicionals alf\u00e0begues. A m\u00e9s, la junta de la confraria va estar acompanyada per membres de la corporaci\u00f3 municipal, l\u2019alcalde Jes\u00fas Ros i els regidors Inma Amat i Francisco Jos\u00e9 Arnau. Els cants, els salves i els himnes foren interpretats per l\u2019Orfe\u00f3 del C\u00edrcul Cat\u00f2lic de Torrent.<\/p>\n<p style=\"text-align: justify;\">Enguany, com ja \u00e9s habitual en altres events p\u00fablics, s\u2019ha hagut d&#8217;adaptar la celebraci\u00f3 d\u2019aquests actes a causa de la situaci\u00f3 epidemiol\u00f2gica, respectant totes els mesures de seguretat<\/p>\n<p>&nbsp;<\/p>\n<p>&nbsp;<\/p>\n<p>&nbsp;<\/p>\n<p><img fetchpriority=\"high\" decoding=\"async\" class=\" wp-image-45027 aligncenter\" src=\"https:\/\/www.infotorrent.es\/wp-content\/uploads\/2021\/08\/DSC_0666.jpg\" alt=\"\" width=\"433\" height=\"523\" \/><\/p>\n<p>&nbsp;<\/p>\n<p><img decoding=\"async\" class=\" wp-image-45025 aligncenter\" src=\"https:\/\/www.infotorrent.es\/wp-content\/uploads\/2021\/08\/DSC_0623.jpg\" alt=\"\" width=\"296\" height=\"533\" \/><\/p>\n<p>&nbsp;<\/p>\n<p><img decoding=\"async\" class=\" wp-image-45023 aligncenter\" src=\"https:\/\/www.infotorrent.es\/wp-content\/uploads\/2021\/08\/DSC_0700.jpg\" alt=\"\" width=\"333\" height=\"607\" \/><\/p>\n<p>&nbsp;<\/p>\n<p><img loading=\"lazy\" decoding=\"async\" class=\" wp-image-45021 aligncenter\" src=\"https:\/\/www.infotorrent.es\/wp-content\/uploads\/2021\/08\/DSC_0698.jpg\" alt=\"\" width=\"288\" height=\"494\" \/><\/p>\n","protected":false},"excerpt":{"rendered":"<p>Com cada estiu, la parr\u00f2quia de l\u2019Assumpci\u00f3 de Torrent ha celebrat la festivitat de la `Mare de D\u00e9u d&#8217;agost\u00b4. Els actes \u00e9s van iniciar el passat dissabte 14 d\u2019agost amb els v\u00edsperes i una missa en sufragi dels confrares difuntes de l\u2019Assumpci\u00f3. En finalitzar, \u00e9s va cantar l\u2019Akathistos que \u00e9s l\u2019himne mari\u00e0 m\u00e9s fam\u00f3s de [&hellip;]<\/p>\n","protected":false},"author":2,"featured_media":14452,"comment_status":"closed","ping_status":"open","sticky":false,"template":"","format":"standard","meta":{"_acf_changed":false,"footnotes":""},"categories":[156,116],"tags":[626],"class_list":["post-14450","post","type-post","status-publish","format-standard","has-post-thumbnail","hentry","category-festes-i-tradicions-2","category-noticies","tag-ajuntament-detorrent"],"acf":[],"_links":{"self":[{"href":"https:\/\/infotorrent.es\/ca\/wp-json\/wp\/v2\/posts\/14450","targetHints":{"allow":["GET"]}}],"collection":[{"href":"https:\/\/infotorrent.es\/ca\/wp-json\/wp\/v2\/posts"}],"about":[{"href":"https:\/\/infotorrent.es\/ca\/wp-json\/wp\/v2\/types\/post"}],"author":[{"embeddable":true,"href":"https:\/\/infotorrent.es\/ca\/wp-json\/wp\/v2\/users\/2"}],"replies":[{"embeddable":true,"href":"https:\/\/infotorrent.es\/ca\/wp-json\/wp\/v2\/comments?post=14450"}],"version-history":[{"count":0,"href":"https:\/\/infotorrent.es\/ca\/wp-json\/wp\/v2\/posts\/14450\/revisions"}],"wp:featuredmedia":[{"embeddable":true,"href":"https:\/\/infotorrent.es\/ca\/wp-json\/wp\/v2\/media\/14452"}],"wp:attachment":[{"href":"https:\/\/infotorrent.es\/ca\/wp-json\/wp\/v2\/media?parent=14450"}],"wp:term":[{"taxonomy":"category","embeddable":true,"href":"https:\/\/infotorrent.es\/ca\/wp-json\/wp\/v2\/categories?post=14450"},{"taxonomy":"post_tag","embeddable":true,"href":"https:\/\/infotorrent.es\/ca\/wp-json\/wp\/v2\/tags?post=14450"}],"curies":[{"name":"wp","href":"https:\/\/api.w.org\/{rel}","templated":true}]}}