{"id":14438,"date":"2021-08-23T09:18:20","date_gmt":"2021-08-23T09:18:20","guid":{"rendered":"https:\/\/infotorrent.es\/uncategorized\/torrent-renova-els-sistemes-de-climatitzacio-en-els-centres-educatius-municipals\/"},"modified":"2021-08-23T09:19:24","modified_gmt":"2021-08-23T09:19:24","slug":"torrent-renova-els-sistemes-de-climatitzacio-en-els-centres-educatius-municipals","status":"publish","type":"post","link":"https:\/\/infotorrent.es\/ca\/noticies\/torrent-renova-els-sistemes-de-climatitzacio-en-els-centres-educatius-municipals\/","title":{"rendered":"Torrent renova els sistemes de climatitzaci\u00f3 en els centres educatius municipals  \u00a0"},"content":{"rendered":"<p style=\"text-align: justify;\"><strong>Aquestes intervencions tindran un clar impacte sobre la sostenibilitat de les noves infraestructures<\/strong><\/p>\n<p style=\"text-align: justify;\">L&#8217;Ajuntament de Torrent aborda aquest estiu les obres de millora en les infraestructures de climatitzaci\u00f3 dels centres educatius municipals. Amb una inversi\u00f3 total de 675.093,69 \u20ac, que provenen dels fons FEDER a trav\u00e9s del programa EDUSI, l&#8217;ajuntament compta amb el treball de 5 empreses, que realitzaran les actuacions de millora durant l&#8217;\u00e8poca estival, de manera que tot estiga llest al comen\u00e7ament del curs escolar.<\/p>\n<p style=\"text-align: justify;\">La renovaci\u00f3 d&#8217;instal\u00b7lacions se centra, en concret, en el canvi de les calderes de gasoil per altres a gas natural i s&#8217;est\u00e0 duent a terme en huit dels col\u00b7legis p\u00fablics de Torrent: El Mol\u00ed, Verge del Rosari, Lope de Vega, Sant Pasqual, Antonio Machado, Sant Joan Baptista, Miguel Hern\u00e1ndez i Federico Maicas; a m\u00e9s, s&#8217;ha posat en marxa ja una instal\u00b7laci\u00f3 fotovoltaica de 30Kw en el col\u00b7legi Verge del Rosari, i tamb\u00e9 s&#8217;ha iniciat la reforma del sistema de climatitzaci\u00f3 mitjan\u00e7ant aerot\u00e9rmia en el col\u00b7legi Joan XXIII, aix\u00ed com en el Centre d\u2019Educaci\u00f3 de Persones Adultes.<\/p>\n<p style=\"text-align: justify;\">En quasi la totalitat dels centres educatius la instal\u00b7laci\u00f3 dels nous sistemes de climatitzaci\u00f3 ja ha concl\u00f2s; nom\u00e9s en els col\u00b7legis Lope de Vega i Joan XXIII i a la \u2018Escola d&#8217;Adults\u2019 s&#8217;est\u00e0 rematant la finalitzaci\u00f3 de les obres.<\/p>\n<p style=\"text-align: justify;\">L&#8217;\u00fas d&#8217;aquestes instal\u00b7lacions suposar\u00e0 per a la ciutat un considerable estalvi econ\u00f2mic, i fins i tot ecol\u00f2gic, tant en el manteniment de les mateixes com en el subministrament d&#8217;energia. I com a exemple de planificaci\u00f3 per a desenvolupar mesures d&#8217;efici\u00e8ncia energ\u00e8tica potser \u00e9s oport\u00fa citar les intervencions en el col\u00b7legi Verge del Rosari, on amb la nova instal\u00b7laci\u00f3 d&#8217;energia el\u00e8ctrica s&#8217;aconseguir\u00e0 que aquest centre educatiu puga autoproveir-se.<\/p>\n<p>&nbsp;<\/p>\n<p>&nbsp;<\/p>\n<p>&nbsp;<\/p>\n<p><img fetchpriority=\"high\" decoding=\"async\" class=\" wp-image-45046 aligncenter\" src=\"https:\/\/www.infotorrent.es\/wp-content\/uploads\/2021\/08\/210820_CLIMATIZACI\u00d3N-COLEGIOS.jpeg\" alt=\"\" width=\"305\" height=\"1312\" \/><\/p>\n","protected":false},"excerpt":{"rendered":"<p>Aquestes intervencions tindran un clar impacte sobre la sostenibilitat de les noves infraestructures L&#8217;Ajuntament de Torrent aborda aquest estiu les obres de millora en les infraestructures de climatitzaci\u00f3 dels centres educatius municipals. Amb una inversi\u00f3 total de 675.093,69 \u20ac, que provenen dels fons FEDER a trav\u00e9s del programa EDUSI, l&#8217;ajuntament compta amb el treball de [&hellip;]<\/p>\n","protected":false},"author":2,"featured_media":14440,"comment_status":"closed","ping_status":"open","sticky":false,"template":"","format":"standard","meta":{"_acf_changed":false,"footnotes":""},"categories":[121,116],"tags":[236],"class_list":["post-14438","post","type-post","status-publish","format-standard","has-post-thumbnail","hentry","category-educacio","category-noticies","tag-ajuntament-de-torrent"],"acf":[],"_links":{"self":[{"href":"https:\/\/infotorrent.es\/ca\/wp-json\/wp\/v2\/posts\/14438","targetHints":{"allow":["GET"]}}],"collection":[{"href":"https:\/\/infotorrent.es\/ca\/wp-json\/wp\/v2\/posts"}],"about":[{"href":"https:\/\/infotorrent.es\/ca\/wp-json\/wp\/v2\/types\/post"}],"author":[{"embeddable":true,"href":"https:\/\/infotorrent.es\/ca\/wp-json\/wp\/v2\/users\/2"}],"replies":[{"embeddable":true,"href":"https:\/\/infotorrent.es\/ca\/wp-json\/wp\/v2\/comments?post=14438"}],"version-history":[{"count":0,"href":"https:\/\/infotorrent.es\/ca\/wp-json\/wp\/v2\/posts\/14438\/revisions"}],"wp:featuredmedia":[{"embeddable":true,"href":"https:\/\/infotorrent.es\/ca\/wp-json\/wp\/v2\/media\/14440"}],"wp:attachment":[{"href":"https:\/\/infotorrent.es\/ca\/wp-json\/wp\/v2\/media?parent=14438"}],"wp:term":[{"taxonomy":"category","embeddable":true,"href":"https:\/\/infotorrent.es\/ca\/wp-json\/wp\/v2\/categories?post=14438"},{"taxonomy":"post_tag","embeddable":true,"href":"https:\/\/infotorrent.es\/ca\/wp-json\/wp\/v2\/tags?post=14438"}],"curies":[{"name":"wp","href":"https:\/\/api.w.org\/{rel}","templated":true}]}}