{"id":14389,"date":"2021-07-22T09:16:55","date_gmt":"2021-07-22T09:16:55","guid":{"rendered":"https:\/\/infotorrent.es\/uncategorized\/torrent-cancella-les-festes-a-causa-de-laugment-de-casos\/"},"modified":"2021-07-22T09:17:46","modified_gmt":"2021-07-22T09:17:46","slug":"torrent-cancella-les-festes-a-causa-de-laugment-de-casos","status":"publish","type":"post","link":"https:\/\/infotorrent.es\/ca\/noticies\/torrent-cancella-les-festes-a-causa-de-laugment-de-casos\/","title":{"rendered":"Torrent cancel\u00b7la les festes a causa de l&#8217;augment de casos"},"content":{"rendered":"<p style=\"text-align: justify;\">L&#8217;Ajuntament de Torrent ha anunciat hui en un comunicat la cancel\u00b7laci\u00f3 dels actes programats per a les festes del 23 al 30 de juliol. Davant l&#8217;increment de les xifres de contagis dels \u00faltims dies facilitades per Salut P\u00fablica, \u00e9s necessari extremar les precaucions, per la qual cosa s&#8217;adopta aquesta decisi\u00f3 des de la prud\u00e8ncia i la responsabilitat.<\/p>\n<p style=\"text-align: justify;\">Andr\u00e9s Campos, portaveu de l&#8217;equip de govern, ha assegurat que la decisi\u00f3 presa \u00e9s <strong>\u201cmolt dolorosa per\u00f2 necess\u00e0ria, ja que l&#8217;increment de contagis ens obliga a mantindre el rigor i la prud\u00e8ncia que hem tingut tots i totes durant els \u00faltims mesos de la pand\u00e8mia\u201d<\/strong>.<\/p>\n","protected":false},"excerpt":{"rendered":"<p>L&#8217;Ajuntament de Torrent ha anunciat hui en un comunicat la cancel\u00b7laci\u00f3 dels actes programats per a les festes del 23 al 30 de juliol. Davant l&#8217;increment de les xifres de contagis dels \u00faltims dies facilitades per Salut P\u00fablica, \u00e9s necessari extremar les precaucions, per la qual cosa s&#8217;adopta aquesta decisi\u00f3 des de la prud\u00e8ncia i [&hellip;]<\/p>\n","protected":false},"author":2,"featured_media":1137,"comment_status":"closed","ping_status":"open","sticky":false,"template":"","format":"standard","meta":{"_acf_changed":false,"footnotes":""},"categories":[156,116],"tags":[236],"class_list":["post-14389","post","type-post","status-publish","format-standard","has-post-thumbnail","hentry","category-festes-i-tradicions-2","category-noticies","tag-ajuntament-de-torrent"],"acf":[],"_links":{"self":[{"href":"https:\/\/infotorrent.es\/ca\/wp-json\/wp\/v2\/posts\/14389","targetHints":{"allow":["GET"]}}],"collection":[{"href":"https:\/\/infotorrent.es\/ca\/wp-json\/wp\/v2\/posts"}],"about":[{"href":"https:\/\/infotorrent.es\/ca\/wp-json\/wp\/v2\/types\/post"}],"author":[{"embeddable":true,"href":"https:\/\/infotorrent.es\/ca\/wp-json\/wp\/v2\/users\/2"}],"replies":[{"embeddable":true,"href":"https:\/\/infotorrent.es\/ca\/wp-json\/wp\/v2\/comments?post=14389"}],"version-history":[{"count":0,"href":"https:\/\/infotorrent.es\/ca\/wp-json\/wp\/v2\/posts\/14389\/revisions"}],"wp:featuredmedia":[{"embeddable":true,"href":"https:\/\/infotorrent.es\/ca\/wp-json\/wp\/v2\/media\/1137"}],"wp:attachment":[{"href":"https:\/\/infotorrent.es\/ca\/wp-json\/wp\/v2\/media?parent=14389"}],"wp:term":[{"taxonomy":"category","embeddable":true,"href":"https:\/\/infotorrent.es\/ca\/wp-json\/wp\/v2\/categories?post=14389"},{"taxonomy":"post_tag","embeddable":true,"href":"https:\/\/infotorrent.es\/ca\/wp-json\/wp\/v2\/tags?post=14389"}],"curies":[{"name":"wp","href":"https:\/\/api.w.org\/{rel}","templated":true}]}}