{"id":14377,"date":"2021-07-20T09:36:45","date_gmt":"2021-07-20T09:36:45","guid":{"rendered":"https:\/\/infotorrent.es\/uncategorized\/musica-a-la-fresca-torna-a-les-places-amb-totes-les-mesures-de-seguretat\/"},"modified":"2021-07-20T09:32:12","modified_gmt":"2021-07-20T09:32:12","slug":"musica-a-la-fresca-torna-a-les-places-amb-totes-les-mesures-de-seguretat","status":"publish","type":"post","link":"https:\/\/infotorrent.es\/ca\/noticies\/musica-a-la-fresca-torna-a-les-places-amb-totes-les-mesures-de-seguretat\/","title":{"rendered":"M\u00fasica a la Fresca torna a les places amb totes les mesures de seguretat"},"content":{"rendered":"<p style=\"text-align: justify;\"><strong>El cap de setmana acull diversos actes musicals amb aforaments redu\u00efts i protocols sanitaris<\/strong><\/p>\n<p style=\"text-align: justify;\">\n<p style=\"text-align: justify;\">La m\u00fasica va ser protagonista el cap de setmana a Torrent amb l&#8217;inici de la ja tradicional programaci\u00f3 de M\u00fasica a la Fresca a c\u00e0rrec de les bandes de la Uni\u00f3 Musical de Torrent i el Cercle Cat\u00f2lic. Al llarg del cap de setmana, les dues bandes van delectar els assistents amb un ampli programa musical en el qual va poder apreciar-se el talent dels m\u00fasics de la ciutat.<\/p>\n<p style=\"text-align: justify;\">Dissabte, el grup Ensemble de Clarinets de la Uni\u00f3 Musical de Torrent va donar el tret d&#8217;eixida de M\u00fasica a la Fresca en la pla\u00e7a de l&#8217;Esgl\u00e9sia, on es va acollir els ve\u00efns i ve\u00efnes disposats a gaudir de la m\u00fasica local.<\/p>\n<p style=\"text-align: justify;\">El concert tingu\u00e9 lloc seguint els protocols recomanats per les autoritats sanit\u00e0ries. Aix\u00ed, les zones utilitzades per a la celebraci\u00f3 van ser delimitades amb la finalitat de facilitar el control d&#8217;acc\u00e9s de persones al recinte, el qual tenia la capacitat limitada. D&#8217;aquesta manera, els espais tenien les dist\u00e0ncies de seguretat necess\u00e0ries per a poder dur a terme el concert de manera segura.<\/p>\n<p style=\"text-align: justify;\">La mateixa imatge va poder veure&#8217;s en la pla\u00e7a de Moralets diumenge a la vesprada amb el Grup de Metall del Cercle Cat\u00f2lic de Torrent. La resposta per part del p\u00fablic en els dos actes fou tot un \u00e8xit i va convertir les places de la capital de l\u2019Horta Sud en un espai on gaudir dels m\u00fasics de la ciutat. Seguint els passos del dia anterior, l&#8217;acte es va dur a terme de manera segura ja que complia les recomanacions sanit\u00e0ries.<\/p>\n<p style=\"text-align: justify;\">D&#8217;altra banda, l&#8217;Auditori de Torrent va acollir la celebraci\u00f3 del concert oferit per la Banda de Capitania de la Unitat de M\u00fasica Militar de Val\u00e8ncia. Complint tamb\u00e9 amb les mesures de seguretat recomanades, la caserna general terrestre va celebrar un concert dirigit pel capit\u00e0 Armando Bernabeu Lorenzo, acompanyat del sotsoficial major Jos\u00e9 Miguel Mart\u00edn Torrej\u00f3n.<\/p>\n<p style=\"text-align: justify;\"><strong>\u00a0<\/strong><\/p>\n<p>&nbsp;<\/p>\n<p>&nbsp;<\/p>\n<p>&nbsp;<\/p>\n<p><img fetchpriority=\"high\" decoding=\"async\" class=\" wp-image-44777 aligncenter\" src=\"https:\/\/www.infotorrent.es\/wp-content\/uploads\/2021\/07\/IMG_9620-scaled.jpg\" alt=\"\" width=\"573\" height=\"572\" \/><\/p>\n<p>&nbsp;<\/p>\n<p><img decoding=\"async\" class=\" wp-image-44781 aligncenter\" src=\"https:\/\/www.infotorrent.es\/wp-content\/uploads\/2021\/07\/IMG_9638-scaled.jpg\" alt=\"\" width=\"473\" height=\"571\" \/><\/p>\n<p>&nbsp;<\/p>\n<p><img decoding=\"async\" class=\" wp-image-44779 aligncenter\" src=\"https:\/\/www.infotorrent.es\/wp-content\/uploads\/2021\/07\/IMG_9631-scaled.jpg\" alt=\"\" width=\"533\" height=\"622\" \/><\/p>\n","protected":false},"excerpt":{"rendered":"<p>El cap de setmana acull diversos actes musicals amb aforaments redu\u00efts i protocols sanitaris La m\u00fasica va ser protagonista el cap de setmana a Torrent amb l&#8217;inici de la ja tradicional programaci\u00f3 de M\u00fasica a la Fresca a c\u00e0rrec de les bandes de la Uni\u00f3 Musical de Torrent i el Cercle Cat\u00f2lic. Al llarg del [&hellip;]<\/p>\n","protected":false},"author":2,"featured_media":14379,"comment_status":"closed","ping_status":"open","sticky":false,"template":"","format":"standard","meta":{"_acf_changed":false,"footnotes":""},"categories":[117,116],"tags":[236],"class_list":["post-14377","post","type-post","status-publish","format-standard","has-post-thumbnail","hentry","category-cultura","category-noticies","tag-ajuntament-de-torrent"],"acf":[],"_links":{"self":[{"href":"https:\/\/infotorrent.es\/ca\/wp-json\/wp\/v2\/posts\/14377","targetHints":{"allow":["GET"]}}],"collection":[{"href":"https:\/\/infotorrent.es\/ca\/wp-json\/wp\/v2\/posts"}],"about":[{"href":"https:\/\/infotorrent.es\/ca\/wp-json\/wp\/v2\/types\/post"}],"author":[{"embeddable":true,"href":"https:\/\/infotorrent.es\/ca\/wp-json\/wp\/v2\/users\/2"}],"replies":[{"embeddable":true,"href":"https:\/\/infotorrent.es\/ca\/wp-json\/wp\/v2\/comments?post=14377"}],"version-history":[{"count":0,"href":"https:\/\/infotorrent.es\/ca\/wp-json\/wp\/v2\/posts\/14377\/revisions"}],"wp:featuredmedia":[{"embeddable":true,"href":"https:\/\/infotorrent.es\/ca\/wp-json\/wp\/v2\/media\/14379"}],"wp:attachment":[{"href":"https:\/\/infotorrent.es\/ca\/wp-json\/wp\/v2\/media?parent=14377"}],"wp:term":[{"taxonomy":"category","embeddable":true,"href":"https:\/\/infotorrent.es\/ca\/wp-json\/wp\/v2\/categories?post=14377"},{"taxonomy":"post_tag","embeddable":true,"href":"https:\/\/infotorrent.es\/ca\/wp-json\/wp\/v2\/tags?post=14377"}],"curies":[{"name":"wp","href":"https:\/\/api.w.org\/{rel}","templated":true}]}}