{"id":14371,"date":"2021-07-19T09:09:16","date_gmt":"2021-07-19T09:09:16","guid":{"rendered":"https:\/\/infotorrent.es\/uncategorized\/torrent-acull-la-presentacio-del-cataleg-expositiu-de-genaro-palau\/"},"modified":"2021-07-19T09:07:32","modified_gmt":"2021-07-19T09:07:32","slug":"torrent-acull-la-presentacio-del-cataleg-expositiu-de-genaro-palau","status":"publish","type":"post","link":"https:\/\/infotorrent.es\/ca\/noticies\/torrent-acull-la-presentacio-del-cataleg-expositiu-de-genaro-palau\/","title":{"rendered":"Torrent acull la presentaci\u00f3 del cat\u00e0leg expositiu de Genaro Palau"},"content":{"rendered":"<p style=\"text-align: justify;\"><strong>\u00a0L&#8217;Auditori de Torrent va acollir ahir la presentaci\u00f3 del cat\u00e0leg expositiu del pintor torrent\u00ed, Genaro Palau.<\/strong><\/p>\n<p style=\"text-align: justify;\">\n<p style=\"text-align: justify;\">Durant l\u2019Any Palau va destacar l&#8217;exposici\u00f3 \u2018Genaro Palau, un pintor de Torrent\u2019, que va tindre lloc entre el 18 de desembre de 2018 i el 30 de juny de 2019 en l\u2019Espai Metropolit\u00e0 d\u2019Art de Torrent (EMAT). Arran d&#8217;aquesta exposici\u00f3, desenes de persones van poder con\u00e9ixer de prop, i algunes per primera vegada, les obres de Genaro Palau.<\/p>\n<p style=\"text-align: justify;\">El cat\u00e0leg expositiu va ser presentat ahir en l&#8217;Auditori de Torrent, en un acte que condu\u00eft per la comiss\u00e0ria de l&#8217;exposici\u00f3, Esther Alba Pag\u00e1n, i per Maite Abad Azuaya, coordinadora t\u00e8cnica. Durant la confer\u00e8ncia, es van mostrar detalls de l&#8217;obra de Genaro Palau i es va destacar el mestratge de les seues pintures i alguns aspectes desconeguts fins al moment, investigats per tots els col\u00b7laboradors que han participat en la creaci\u00f3 d&#8217;aquest cat\u00e0leg.<\/p>\n<p style=\"text-align: justify;\">L&#8217;acte arranc\u00e0 amb les paraules de la regidora de Cultura, Susi Ferrer, qui va agrair la pres\u00e8ncia dels col\u00b7laboradors i va remarcar la import\u00e0ncia de la seua labor per a mantindre viu el llegat cultural de la figura de Genaro Palau. A m\u00e9s, va voler agrair especialment la pres\u00e8ncia del net del pintor, Jos\u00e9 Mar\u00eda Goerlich Palau:<strong> \u201cVull agrair els treballs de revaloraci\u00f3 de Genaro Palau que s&#8217;estan duent a terme, amb la finalitat que els torrentins i torrentines puguen gaudir del llegat cultural que aquest pintor va deixar en la hist\u00f2ria de Torrent\u201d<\/strong>.<\/p>\n<p>&nbsp;<\/p>\n<p>&nbsp;<\/p>\n<p>&nbsp;<\/p>\n<p><img fetchpriority=\"high\" decoding=\"async\" class=\" wp-image-44757 aligncenter\" src=\"https:\/\/www.infotorrent.es\/wp-content\/uploads\/2021\/07\/Genaro-Palau-1-scaled.jpg\" alt=\"\" width=\"589\" height=\"553\" \/><\/p>\n<p>&nbsp;<\/p>\n<p><img decoding=\"async\" class=\" wp-image-44761 aligncenter\" src=\"https:\/\/www.infotorrent.es\/wp-content\/uploads\/2021\/07\/Genaro-Palau-scaled.jpg\" alt=\"\" width=\"432\" height=\"503\" \/><\/p>\n","protected":false},"excerpt":{"rendered":"<p>\u00a0L&#8217;Auditori de Torrent va acollir ahir la presentaci\u00f3 del cat\u00e0leg expositiu del pintor torrent\u00ed, Genaro Palau. Durant l\u2019Any Palau va destacar l&#8217;exposici\u00f3 \u2018Genaro Palau, un pintor de Torrent\u2019, que va tindre lloc entre el 18 de desembre de 2018 i el 30 de juny de 2019 en l\u2019Espai Metropolit\u00e0 d\u2019Art de Torrent (EMAT). Arran d&#8217;aquesta [&hellip;]<\/p>\n","protected":false},"author":2,"featured_media":14373,"comment_status":"closed","ping_status":"open","sticky":false,"template":"","format":"standard","meta":{"_acf_changed":false,"footnotes":""},"categories":[117,116],"tags":[236],"class_list":["post-14371","post","type-post","status-publish","format-standard","has-post-thumbnail","hentry","category-cultura","category-noticies","tag-ajuntament-de-torrent"],"acf":[],"_links":{"self":[{"href":"https:\/\/infotorrent.es\/ca\/wp-json\/wp\/v2\/posts\/14371","targetHints":{"allow":["GET"]}}],"collection":[{"href":"https:\/\/infotorrent.es\/ca\/wp-json\/wp\/v2\/posts"}],"about":[{"href":"https:\/\/infotorrent.es\/ca\/wp-json\/wp\/v2\/types\/post"}],"author":[{"embeddable":true,"href":"https:\/\/infotorrent.es\/ca\/wp-json\/wp\/v2\/users\/2"}],"replies":[{"embeddable":true,"href":"https:\/\/infotorrent.es\/ca\/wp-json\/wp\/v2\/comments?post=14371"}],"version-history":[{"count":0,"href":"https:\/\/infotorrent.es\/ca\/wp-json\/wp\/v2\/posts\/14371\/revisions"}],"wp:featuredmedia":[{"embeddable":true,"href":"https:\/\/infotorrent.es\/ca\/wp-json\/wp\/v2\/media\/14373"}],"wp:attachment":[{"href":"https:\/\/infotorrent.es\/ca\/wp-json\/wp\/v2\/media?parent=14371"}],"wp:term":[{"taxonomy":"category","embeddable":true,"href":"https:\/\/infotorrent.es\/ca\/wp-json\/wp\/v2\/categories?post=14371"},{"taxonomy":"post_tag","embeddable":true,"href":"https:\/\/infotorrent.es\/ca\/wp-json\/wp\/v2\/tags?post=14371"}],"curies":[{"name":"wp","href":"https:\/\/api.w.org\/{rel}","templated":true}]}}