{"id":14356,"date":"2021-07-15T08:17:22","date_gmt":"2021-07-15T08:17:22","guid":{"rendered":"https:\/\/infotorrent.es\/uncategorized\/comencen-les-obres-de-millora-de-la-carretera-de-montserrat\/"},"modified":"2021-07-15T08:19:22","modified_gmt":"2021-07-15T08:19:22","slug":"comencen-les-obres-de-millora-de-la-carretera-de-montserrat","status":"publish","type":"post","link":"https:\/\/infotorrent.es\/ca\/noticies\/comencen-les-obres-de-millora-de-la-carretera-de-montserrat\/","title":{"rendered":"Comencen les obres de millora de la carretera de Montserrat"},"content":{"rendered":"<p style=\"text-align: justify;\"><strong>La Diputaci\u00f3 de Val\u00e8ncia inicia la seua intervenci\u00f3 en una de les principals vies d&#8217;acc\u00e9s al municipi<\/strong><\/p>\n<p style=\"text-align: justify;\">\n<p style=\"text-align: justify;\">La setmana vinent donaran inici les obres de millora de la CV-405, la carretera de Torrent en direcci\u00f3 a Montserrat. L&#8217;actuaci\u00f3 consistir\u00e0 en l&#8217;execuci\u00f3 d&#8217;una nova vorera en el tram entre la rotonda del Pont Blau fins al barri de Sant Gregori. A m\u00e9s, es procedir\u00e0 a asfaltar el tram assenyalat i fins al Toll i l\u2019Alberca.<\/p>\n<p style=\"text-align: justify;\"><strong>\u201cAquesta intervenci\u00f3 \u00e9s una mostra m\u00e9s de la col\u00b7laboraci\u00f3 entre administracions. Amb actuacions com aquesta, la Diputaci\u00f3 de Val\u00e8ncia i l&#8217;Ajuntament de Torrent continuem treballant bra\u00e7 a bra\u00e7 per millorar el benestar de la ciutadania\u201d<\/strong>, ha declarat l&#8217;alcalde Jes\u00fas Ros.<\/p>\n<p style=\"text-align: justify;\">Aquesta actuaci\u00f3 es duu a terme amb l&#8217;objectiu de millorar la seguretat vi\u00e0ria i recuperar l&#8217;espai per a les persones en un dels accessos principals de la ciutat. Les obres tindran lloc en per\u00edode estival, per a disminuir la incid\u00e8ncia en la mobilitat. Al mateix temps, es realitzaran desviaments del tr\u00e0nsit i passos alternatius per a facilitar el tr\u00e0nsit de la ciutadania.<\/p>\n<p>&nbsp;<\/p>\n<p>&nbsp;<\/p>\n<p>&nbsp;<\/p>\n<p><img fetchpriority=\"high\" decoding=\"async\" class=\" wp-image-44730 aligncenter\" src=\"https:\/\/www.infotorrent.es\/wp-content\/uploads\/2021\/07\/San-gregorio.jpg\" alt=\"\" width=\"411\" height=\"262\" \/><\/p>\n","protected":false},"excerpt":{"rendered":"<p>La Diputaci\u00f3 de Val\u00e8ncia inicia la seua intervenci\u00f3 en una de les principals vies d&#8217;acc\u00e9s al municipi La setmana vinent donaran inici les obres de millora de la CV-405, la carretera de Torrent en direcci\u00f3 a Montserrat. L&#8217;actuaci\u00f3 consistir\u00e0 en l&#8217;execuci\u00f3 d&#8217;una nova vorera en el tram entre la rotonda del Pont Blau fins al [&hellip;]<\/p>\n","protected":false},"author":2,"featured_media":14358,"comment_status":"closed","ping_status":"open","sticky":false,"template":"","format":"standard","meta":{"_acf_changed":false,"footnotes":""},"categories":[116,133],"tags":[236],"class_list":["post-14356","post","type-post","status-publish","format-standard","has-post-thumbnail","hentry","category-noticies","category-urbanisme","tag-ajuntament-de-torrent"],"acf":[],"_links":{"self":[{"href":"https:\/\/infotorrent.es\/ca\/wp-json\/wp\/v2\/posts\/14356","targetHints":{"allow":["GET"]}}],"collection":[{"href":"https:\/\/infotorrent.es\/ca\/wp-json\/wp\/v2\/posts"}],"about":[{"href":"https:\/\/infotorrent.es\/ca\/wp-json\/wp\/v2\/types\/post"}],"author":[{"embeddable":true,"href":"https:\/\/infotorrent.es\/ca\/wp-json\/wp\/v2\/users\/2"}],"replies":[{"embeddable":true,"href":"https:\/\/infotorrent.es\/ca\/wp-json\/wp\/v2\/comments?post=14356"}],"version-history":[{"count":0,"href":"https:\/\/infotorrent.es\/ca\/wp-json\/wp\/v2\/posts\/14356\/revisions"}],"wp:featuredmedia":[{"embeddable":true,"href":"https:\/\/infotorrent.es\/ca\/wp-json\/wp\/v2\/media\/14358"}],"wp:attachment":[{"href":"https:\/\/infotorrent.es\/ca\/wp-json\/wp\/v2\/media?parent=14356"}],"wp:term":[{"taxonomy":"category","embeddable":true,"href":"https:\/\/infotorrent.es\/ca\/wp-json\/wp\/v2\/categories?post=14356"},{"taxonomy":"post_tag","embeddable":true,"href":"https:\/\/infotorrent.es\/ca\/wp-json\/wp\/v2\/tags?post=14356"}],"curies":[{"name":"wp","href":"https:\/\/api.w.org\/{rel}","templated":true}]}}