{"id":14110,"date":"2021-05-26T07:54:03","date_gmt":"2021-05-26T07:54:03","guid":{"rendered":"https:\/\/infotorrent.es\/uncategorized\/la-federacio-de-moros-i-cristians-de-torrent-acorda-celebrar-les-festes-a-loctubre\/"},"modified":"2021-05-26T07:55:37","modified_gmt":"2021-05-26T07:55:37","slug":"la-federacio-de-moros-i-cristians-de-torrent-acorda-celebrar-les-festes-a-loctubre","status":"publish","type":"post","link":"https:\/\/infotorrent.es\/ca\/noticies\/la-federacio-de-moros-i-cristians-de-torrent-acorda-celebrar-les-festes-a-loctubre\/","title":{"rendered":"La Federaci\u00f3 de Moros i Cristians de Torrent acorda celebrar les festes a l&#8217;octubre"},"content":{"rendered":"<p style=\"text-align: justify;\">La Federaci\u00f3 de Moros i Cristians de Torrent, amb el consens de l&#8217;Ajuntament de Torrent i tenint en compte l&#8217;actual situaci\u00f3 sanit\u00e0ria, ha acordat traslladar la celebraci\u00f3 de les festes de 2021 al mes d&#8217;octubre.<\/p>\n<p style=\"text-align: justify;\">La FMCT ha em\u00e9s un comunicat oficial en el qual manifesta la intenci\u00f3 de fer coincidir les festes amb la setmana cultural del Nou d\u2019Octubre, amb l&#8217;esperan\u00e7a de poder celebrar en 2022, una setmana d&#8217;actes amb tota la seua esplendor: \u201cComunicat oficial: la Federaci\u00f3 decideix que les festes, com les coneixem, se celebren amb tota la seua magnitud en 2022, encara que decideix realitzar diversos actes no oficials i sempre respectant el que aconsellen les autoritats sanit\u00e0ries, en la setmana del Nou d&#8217;Octubre. Gr\u00e0cies a tod@s pel vostre suport, comprensi\u00f3 i empatia\u201d.<\/p>\n<p style=\"text-align: justify;\">El regidor de l&#8217;\u00c0rea de Festes, Pascual Mart\u00ednez, ha mostrat el seu suport a aquesta decisi\u00f3 de la junta directiva de la FMCT, ja que t\u00e9 en compte <strong>\u201cles recomanacions sanit\u00e0ries i mant\u00e9 l&#8217;impuls dels festers que, de manera prudent, animen a mantindre viva una festa arrelada a la nostra ciutat\u201d<\/strong>.<\/p>\n<p>&nbsp;<\/p>\n<p>&nbsp;<\/p>\n<p>&nbsp;<\/p>\n<p><img fetchpriority=\"high\" decoding=\"async\" class=\" wp-image-43986 aligncenter\" src=\"https:\/\/www.infotorrent.es\/wp-content\/uploads\/2021\/05\/WhatsApp-Image-2021-05-25-at-2.10.20-PM.jpeg\" alt=\"\" width=\"320\" height=\"240\" \/><\/p>\n","protected":false},"excerpt":{"rendered":"<p>La Federaci\u00f3 de Moros i Cristians de Torrent, amb el consens de l&#8217;Ajuntament de Torrent i tenint en compte l&#8217;actual situaci\u00f3 sanit\u00e0ria, ha acordat traslladar la celebraci\u00f3 de les festes de 2021 al mes d&#8217;octubre. La FMCT ha em\u00e9s un comunicat oficial en el qual manifesta la intenci\u00f3 de fer coincidir les festes amb la [&hellip;]<\/p>\n","protected":false},"author":2,"featured_media":14112,"comment_status":"closed","ping_status":"open","sticky":false,"template":"","format":"standard","meta":{"_acf_changed":false,"footnotes":""},"categories":[117,116],"tags":[236],"class_list":["post-14110","post","type-post","status-publish","format-standard","has-post-thumbnail","hentry","category-cultura","category-noticies","tag-ajuntament-de-torrent"],"acf":[],"_links":{"self":[{"href":"https:\/\/infotorrent.es\/ca\/wp-json\/wp\/v2\/posts\/14110","targetHints":{"allow":["GET"]}}],"collection":[{"href":"https:\/\/infotorrent.es\/ca\/wp-json\/wp\/v2\/posts"}],"about":[{"href":"https:\/\/infotorrent.es\/ca\/wp-json\/wp\/v2\/types\/post"}],"author":[{"embeddable":true,"href":"https:\/\/infotorrent.es\/ca\/wp-json\/wp\/v2\/users\/2"}],"replies":[{"embeddable":true,"href":"https:\/\/infotorrent.es\/ca\/wp-json\/wp\/v2\/comments?post=14110"}],"version-history":[{"count":0,"href":"https:\/\/infotorrent.es\/ca\/wp-json\/wp\/v2\/posts\/14110\/revisions"}],"wp:featuredmedia":[{"embeddable":true,"href":"https:\/\/infotorrent.es\/ca\/wp-json\/wp\/v2\/media\/14112"}],"wp:attachment":[{"href":"https:\/\/infotorrent.es\/ca\/wp-json\/wp\/v2\/media?parent=14110"}],"wp:term":[{"taxonomy":"category","embeddable":true,"href":"https:\/\/infotorrent.es\/ca\/wp-json\/wp\/v2\/categories?post=14110"},{"taxonomy":"post_tag","embeddable":true,"href":"https:\/\/infotorrent.es\/ca\/wp-json\/wp\/v2\/tags?post=14110"}],"curies":[{"name":"wp","href":"https:\/\/api.w.org\/{rel}","templated":true}]}}