{"id":14104,"date":"2021-05-25T08:01:57","date_gmt":"2021-05-25T08:01:57","guid":{"rendered":"https:\/\/infotorrent.es\/uncategorized\/lliurament-de-premis-anuals-de-linstitut-destudis-comarcals\/"},"modified":"2021-05-25T08:03:30","modified_gmt":"2021-05-25T08:03:30","slug":"lliurament-de-premis-anuals-de-linstitut-destudis-comarcals","status":"publish","type":"post","link":"https:\/\/infotorrent.es\/ca\/noticies\/lliurament-de-premis-anuals-de-linstitut-destudis-comarcals\/","title":{"rendered":"Lliurament de premis anuals de l&#8217;Institut d&#8217;Estudis Comarcals"},"content":{"rendered":"<p style=\"text-align: justify;\">La sala c\u00edvica de l&#8217;Antic Mercat va acollir divendres passat la festa comarcal organitzada per IDECO (Institut d&#8217;Estudis Comarcals). En l&#8217;acte tamb\u00e9 es feu el lliurament de premis anuals aix\u00ed com la presentaci\u00f3 dels premis d&#8217;investigaci\u00f3 convocats amb la col\u00b7laboraci\u00f3 de l&#8217;Ajuntament de Torrent i de la Mancomunitat de l&#8217;Horta Sud. El V Premi Carmen Valero es va entregar a Conxa Romero i l&#8217;XI Premi Quico Moret a Vicente Cardona.<\/p>\n<p style=\"text-align: justify;\">Van acudir a l&#8217;acte alcaldes i representants del teixit associatiu de la comarca. Tamb\u00e9 hi va tindre lloc la presentaci\u00f3 del llibre <em>Les alqueries de Picanya<\/em> de Joaqu\u00edn Vila-Belda Mart\u00ed, que investiga les expulsions dels semites i la hist\u00f2ria de les alqueries de la comarca de l&#8217;Horta.<\/p>\n<p>&nbsp;<\/p>\n<p>&nbsp;<\/p>\n<p>&nbsp;<\/p>\n<p><img fetchpriority=\"high\" decoding=\"async\" class=\" wp-image-43898 aligncenter\" src=\"https:\/\/www.infotorrent.es\/wp-content\/uploads\/2021\/05\/Ideco_2.jpg\" alt=\"\" width=\"442\" height=\"531\" \/><\/p>\n<p>&nbsp;<\/p>\n<p><img decoding=\"async\" class=\" wp-image-43896 aligncenter\" src=\"https:\/\/www.infotorrent.es\/wp-content\/uploads\/2021\/05\/Ideco_1.jpg\" alt=\"\" width=\"409\" height=\"618\" \/><\/p>\n","protected":false},"excerpt":{"rendered":"<p>La sala c\u00edvica de l&#8217;Antic Mercat va acollir divendres passat la festa comarcal organitzada per IDECO (Institut d&#8217;Estudis Comarcals). En l&#8217;acte tamb\u00e9 es feu el lliurament de premis anuals aix\u00ed com la presentaci\u00f3 dels premis d&#8217;investigaci\u00f3 convocats amb la col\u00b7laboraci\u00f3 de l&#8217;Ajuntament de Torrent i de la Mancomunitat de l&#8217;Horta Sud. El V Premi Carmen [&hellip;]<\/p>\n","protected":false},"author":2,"featured_media":14106,"comment_status":"closed","ping_status":"open","sticky":false,"template":"","format":"standard","meta":{"_acf_changed":false,"footnotes":""},"categories":[117,116],"tags":[236],"class_list":["post-14104","post","type-post","status-publish","format-standard","has-post-thumbnail","hentry","category-cultura","category-noticies","tag-ajuntament-de-torrent"],"acf":[],"_links":{"self":[{"href":"https:\/\/infotorrent.es\/ca\/wp-json\/wp\/v2\/posts\/14104","targetHints":{"allow":["GET"]}}],"collection":[{"href":"https:\/\/infotorrent.es\/ca\/wp-json\/wp\/v2\/posts"}],"about":[{"href":"https:\/\/infotorrent.es\/ca\/wp-json\/wp\/v2\/types\/post"}],"author":[{"embeddable":true,"href":"https:\/\/infotorrent.es\/ca\/wp-json\/wp\/v2\/users\/2"}],"replies":[{"embeddable":true,"href":"https:\/\/infotorrent.es\/ca\/wp-json\/wp\/v2\/comments?post=14104"}],"version-history":[{"count":0,"href":"https:\/\/infotorrent.es\/ca\/wp-json\/wp\/v2\/posts\/14104\/revisions"}],"wp:featuredmedia":[{"embeddable":true,"href":"https:\/\/infotorrent.es\/ca\/wp-json\/wp\/v2\/media\/14106"}],"wp:attachment":[{"href":"https:\/\/infotorrent.es\/ca\/wp-json\/wp\/v2\/media?parent=14104"}],"wp:term":[{"taxonomy":"category","embeddable":true,"href":"https:\/\/infotorrent.es\/ca\/wp-json\/wp\/v2\/categories?post=14104"},{"taxonomy":"post_tag","embeddable":true,"href":"https:\/\/infotorrent.es\/ca\/wp-json\/wp\/v2\/tags?post=14104"}],"curies":[{"name":"wp","href":"https:\/\/api.w.org\/{rel}","templated":true}]}}