{"id":14083,"date":"2021-05-20T10:06:09","date_gmt":"2021-05-20T10:06:09","guid":{"rendered":"https:\/\/infotorrent.es\/uncategorized\/torrent-finalitza-la-reforma-dels-nous-vestuaris-del-trinquet-municipal\/"},"modified":"2021-05-20T10:04:49","modified_gmt":"2021-05-20T10:04:49","slug":"torrent-finalitza-la-reforma-dels-nous-vestuaris-del-trinquet-municipal","status":"publish","type":"post","link":"https:\/\/infotorrent.es\/ca\/noticies\/torrent-finalitza-la-reforma-dels-nous-vestuaris-del-trinquet-municipal\/","title":{"rendered":"Torrent finalitza la reforma dels nous vestidors del trinquet municipal"},"content":{"rendered":"<p><strong>L&#8217;Ajuntament de Torrent ha visitat aquest mat\u00ed la finalitzaci\u00f3 de les reformes dels nous vestidors del trinquet municipal Jose Mar\u00eda Veguer.<span class=\"Apple-converted-space\">\u00a0<\/span><\/strong><\/p>\n<p>&nbsp;<\/p>\n<p>D&#8217;aquesta forma, aquest espai esportiu que ha vist passar milers de pilotaris al llarg de la seua hist\u00f2ria, s&#8217;adapta als nous temps amb unes modernes i renovades instal\u00b7lacions, amb uns nous vestidors i uns banys tamb\u00e9 preparats per a persones amb mobilitat redu\u00efda.<\/p>\n<p>L&#8217;alcalde Jes\u00fas Ros ha destacat la figura de Natalio, <strong>\u201c\u00e0nima d&#8217;aquest trinquet\u201d, qui ha estat present en la visita acompanyat del fill, el tamb\u00e9 pilotari Natalio II, i qui ens ha transm\u00e8s en tot moment les necessitats del club i que fins i tot ha supervisat en primera persona els avan\u00e7os de les obres\u201d<\/strong>.<\/p>\n<p>Per a dur a terme la reforma d&#8217;aquest espai, era necess\u00e0ria que l\u2019Ajuntament l\u2019adquirira, cosa que feu al novembre de 2018, per un total de 200.000 euros. Des de llavors, s\u2019hi han dut a terme diferents reformes, entre les quals hi ha la millora dels vestidors per a dotar-los d&#8217;una millor accessibilitat. Aquesta \u00faltima acci\u00f3, ha tingut un cost total de 80.000\u20ac.<\/p>\n<p>A m\u00e9s dels nous vestidors, s&#8217;hi han condicionat un nou magatzem i una zona de jard\u00ed i s&#8217;ha eliminat l&#8217;antic acc\u00e9s als vestidors que es trobava al mig de la pista. Totes aquestes actuacions estan emmarcades dins de les Inversions Financerament Sostenibles de 2019, fruit del super\u00e0vit obtingut gr\u00e0cies a la bona gesti\u00f3 de l&#8217;administraci\u00f3 municipal. Anteriorment, ja es va intervenir en aquest espai per a renovar la graderia, millorar les parets, pintar tota la instal\u00b7laci\u00f3 i afegir-hi nous bancs<\/p>\n<p>Susi Ferrer, regidora d&#8217;Esports, ha assenyalat que amb aquesta acci\u00f3<strong>\u00a0\u201ces pret\u00e9n fer valdre la import\u00e0ncia d&#8217;un espai hist\u00f2ric de la ciutat de Torrent amb m\u00e9s de 120 anys d&#8217;hist\u00f2ria\u201d<\/strong>.<\/p>\n<p>&nbsp;<\/p>\n<p>&nbsp;<\/p>\n<p>&nbsp;<\/p>\n<p><img fetchpriority=\"high\" decoding=\"async\" class=\" wp-image-43831 aligncenter\" src=\"https:\/\/www.infotorrent.es\/wp-content\/uploads\/2021\/05\/IMG_9796.jpg\" alt=\"\" width=\"433\" height=\"310\" \/><\/p>\n","protected":false},"excerpt":{"rendered":"<p>L&#8217;Ajuntament de Torrent ha visitat aquest mat\u00ed la finalitzaci\u00f3 de les reformes dels nous vestidors del trinquet municipal Jose Mar\u00eda Veguer.\u00a0 &nbsp; D&#8217;aquesta forma, aquest espai esportiu que ha vist passar milers de pilotaris al llarg de la seua hist\u00f2ria, s&#8217;adapta als nous temps amb unes modernes i renovades instal\u00b7lacions, amb uns nous vestidors i [&hellip;]<\/p>\n","protected":false},"author":2,"featured_media":14085,"comment_status":"closed","ping_status":"open","sticky":false,"template":"","format":"standard","meta":{"_acf_changed":false,"footnotes":""},"categories":[123,127,116,133],"tags":[236],"class_list":["post-14083","post","type-post","status-publish","format-standard","has-post-thumbnail","hentry","category-joventut-i-esports","category-noticias-2","category-noticies","category-urbanisme","tag-ajuntament-de-torrent"],"acf":[],"_links":{"self":[{"href":"https:\/\/infotorrent.es\/ca\/wp-json\/wp\/v2\/posts\/14083","targetHints":{"allow":["GET"]}}],"collection":[{"href":"https:\/\/infotorrent.es\/ca\/wp-json\/wp\/v2\/posts"}],"about":[{"href":"https:\/\/infotorrent.es\/ca\/wp-json\/wp\/v2\/types\/post"}],"author":[{"embeddable":true,"href":"https:\/\/infotorrent.es\/ca\/wp-json\/wp\/v2\/users\/2"}],"replies":[{"embeddable":true,"href":"https:\/\/infotorrent.es\/ca\/wp-json\/wp\/v2\/comments?post=14083"}],"version-history":[{"count":0,"href":"https:\/\/infotorrent.es\/ca\/wp-json\/wp\/v2\/posts\/14083\/revisions"}],"wp:featuredmedia":[{"embeddable":true,"href":"https:\/\/infotorrent.es\/ca\/wp-json\/wp\/v2\/media\/14085"}],"wp:attachment":[{"href":"https:\/\/infotorrent.es\/ca\/wp-json\/wp\/v2\/media?parent=14083"}],"wp:term":[{"taxonomy":"category","embeddable":true,"href":"https:\/\/infotorrent.es\/ca\/wp-json\/wp\/v2\/categories?post=14083"},{"taxonomy":"post_tag","embeddable":true,"href":"https:\/\/infotorrent.es\/ca\/wp-json\/wp\/v2\/tags?post=14083"}],"curies":[{"name":"wp","href":"https:\/\/api.w.org\/{rel}","templated":true}]}}