{"id":14074,"date":"2021-05-19T07:45:40","date_gmt":"2021-05-19T07:45:40","guid":{"rendered":"https:\/\/infotorrent.es\/uncategorized\/torrent-inicia-un-programa-de-formacio-i-consultoria-per-als-comerciants\/"},"modified":"2021-05-19T07:46:40","modified_gmt":"2021-05-19T07:46:40","slug":"torrent-inicia-un-programa-de-formacio-i-consultoria-per-als-comerciants","status":"publish","type":"post","link":"https:\/\/infotorrent.es\/ca\/noticies\/torrent-inicia-un-programa-de-formacio-i-consultoria-per-als-comerciants\/","title":{"rendered":"Torrent inicia un programa de formaci\u00f3 i consultoria per als comerciants"},"content":{"rendered":"<p style=\"text-align: justify;\"><strong>L&#8217;objectiu del programa \u00e9s el de millorar la pres\u00e8ncia dels comer\u00e7os en xarxes, aix\u00ed com augmentar les vendes<\/strong><\/p>\n<p style=\"text-align: justify;\">\n<p style=\"text-align: justify;\">L&#8217;Ajuntament de Torrent, a trav\u00e9s d&#8217;IDEA\u2019T, ha posat en marxa un programa de formaci\u00f3 i consultoria dirigit al comer\u00e7 minorista de la ciutat.<\/p>\n<p style=\"text-align: justify;\">Amb aquesta iniciativa es vol acompanyar els comer\u00e7os de Torrent en la seua transformaci\u00f3 digital, per aix\u00f2 se\u2019ls dotar\u00e0 de les eines per a crear o millorar la pres\u00e8ncia en el m\u00f3n en l\u00ednia i que aprenguen a traure partit del potencial abast global d&#8217;Internet.<\/p>\n<p style=\"text-align: justify;\">El programa consta de set sessions grupals de 2,5 hores cadascuna aix\u00ed com de 12 hores de consultoria individualitzada per a cada comer\u00e7 participant. La primera sessi\u00f3 ha tingut lloc hui, 18 de maig, a la sala c\u00edvica de l&#8217;Antic Mercat.<\/p>\n<p style=\"text-align: justify;\">La regidora de Formaci\u00f3, Marina Olivares, ha sigut l&#8217;encarregada de donar la benvinguda als participants de la primera sessi\u00f3. L&#8217;edil ha assenyalat que l&#8217;objectiu d&#8217;aquesta iniciativa \u00e9s <strong>\u201cfer costat als comer\u00e7os locals en el seu desenvolupament i en la seua adaptaci\u00f3 a les necessitats actuals\u201d<\/strong>.<\/p>\n<p>&nbsp;<\/p>\n<p>&nbsp;<\/p>\n<p>&nbsp;<\/p>\n<p><img fetchpriority=\"high\" decoding=\"async\" class=\" wp-image-43810 aligncenter\" src=\"https:\/\/www.infotorrent.es\/wp-content\/uploads\/2021\/05\/Centro-Atencion-Social-1-de-1-10-scaled.jpg\" alt=\"\" width=\"366\" height=\"436\" \/><\/p>\n","protected":false},"excerpt":{"rendered":"<p>L&#8217;objectiu del programa \u00e9s el de millorar la pres\u00e8ncia dels comer\u00e7os en xarxes, aix\u00ed com augmentar les vendes L&#8217;Ajuntament de Torrent, a trav\u00e9s d&#8217;IDEA\u2019T, ha posat en marxa un programa de formaci\u00f3 i consultoria dirigit al comer\u00e7 minorista de la ciutat. Amb aquesta iniciativa es vol acompanyar els comer\u00e7os de Torrent en la seua transformaci\u00f3 [&hellip;]<\/p>\n","protected":false},"author":2,"featured_media":14076,"comment_status":"closed","ping_status":"open","sticky":false,"template":"","format":"standard","meta":{"_acf_changed":false,"footnotes":""},"categories":[120,116],"tags":[236],"class_list":["post-14074","post","type-post","status-publish","format-standard","has-post-thumbnail","hentry","category-economia","category-noticies","tag-ajuntament-de-torrent"],"acf":[],"_links":{"self":[{"href":"https:\/\/infotorrent.es\/ca\/wp-json\/wp\/v2\/posts\/14074","targetHints":{"allow":["GET"]}}],"collection":[{"href":"https:\/\/infotorrent.es\/ca\/wp-json\/wp\/v2\/posts"}],"about":[{"href":"https:\/\/infotorrent.es\/ca\/wp-json\/wp\/v2\/types\/post"}],"author":[{"embeddable":true,"href":"https:\/\/infotorrent.es\/ca\/wp-json\/wp\/v2\/users\/2"}],"replies":[{"embeddable":true,"href":"https:\/\/infotorrent.es\/ca\/wp-json\/wp\/v2\/comments?post=14074"}],"version-history":[{"count":0,"href":"https:\/\/infotorrent.es\/ca\/wp-json\/wp\/v2\/posts\/14074\/revisions"}],"wp:featuredmedia":[{"embeddable":true,"href":"https:\/\/infotorrent.es\/ca\/wp-json\/wp\/v2\/media\/14076"}],"wp:attachment":[{"href":"https:\/\/infotorrent.es\/ca\/wp-json\/wp\/v2\/media?parent=14074"}],"wp:term":[{"taxonomy":"category","embeddable":true,"href":"https:\/\/infotorrent.es\/ca\/wp-json\/wp\/v2\/categories?post=14074"},{"taxonomy":"post_tag","embeddable":true,"href":"https:\/\/infotorrent.es\/ca\/wp-json\/wp\/v2\/tags?post=14074"}],"curies":[{"name":"wp","href":"https:\/\/api.w.org\/{rel}","templated":true}]}}